{"id":105382,"date":"2018-05-24T06:00:09","date_gmt":"2018-05-24T09:00:09","guid":{"rendered":"http:\/\/diarioregionaljf.com.br\/?p=105382"},"modified":"2018-05-23T18:24:26","modified_gmt":"2018-05-23T21:24:26","slug":"sai-pra-la-sisifo","status":"publish","type":"post","link":"https:\/\/diarioregionaldigital.com.br\/?p=105382","title":{"rendered":"SAI PR\u00c1 L\u00c1, S\u00cdSIFO"},"content":{"rendered":"<p>A vida \u00e9 um eterno recome\u00e7o. Fosse escolher a lenda mitol\u00f3gica que mais se assemelha \u00e0 sua vida, provavelmente o povo brasileiro colocaria a hist\u00f3ria do castigo de S\u00edsifo entre as preferidas. S\u00edsifo, que viveu vida solerte, conseguiu livrar-se da morte por duas vezes, sempre blefando. N\u00e3o cumpria a palavra empenhada, at\u00e9 que T\u00e2natos veio busc\u00e1-lo em definitivo. Como castigo, os deuses o condenam impiedosamente a rolar montanha acima um grande bloco de pedra. Quase chegando ao cume, o bloco desaba montanha abaixo. A maldi\u00e7\u00e3o de S\u00edsifo \u00e9 recome\u00e7ar tudo de novo, tarefa que h\u00e1 de durar eternamente.<\/p>\n<p>O povo brasileiro se sente em eterno recome\u00e7o. Quando acha que as coisas est\u00e3o se normalizando, aparece mais um desastre. Nosso habitante se v\u00ea numa ilha amea\u00e7ada frequentemente por pequenas e grandes cat\u00e1strofes. Esc\u00e2ndalos, corrup\u00e7\u00e3o desbragada, favorecimentos, aus\u00eancia de crit\u00e9rios racionais, mandonismo, impostos, feudos, deteriora\u00e7\u00e3o dos servi\u00e7os p\u00fablicos, falta de continuidade nas administra\u00e7\u00f5es constituem condimentos de nossa cultura pol\u00edtica.<\/p>\n<p>Os efeitos s\u00e3o catastr\u00f3ficos, pois o sistema de vasos comunicantes acaba impregnando os poros da alma nacional, inviabilizando aquele esp\u00edrito p\u00fablico, fonte do fervor p\u00e1trio, que Alexis de Tocqueville, h\u00e1 183 anos, t\u00e3o bem constatou em\u00a0A Democracia na Am\u00e9rica (1835), quando se encantou com os valores da alma norte-americana. Escrevia:\u00a0\u201cexiste um amor \u00e0 p\u00e1tria que tem a sua fonte principal naquele sentimento irrefletido, desinteressado e indefin\u00edvel que liga o cora\u00e7\u00e3o do homem aos lugares onde o homem nasceu. Confunde-se esse amor instintivo com o gosto pelos costumes antigos, com o respeito aos mais velhos e a lembran\u00e7a do passado; aqueles que o experimentam estimam o seu pa\u00eds com o amor que se tem \u00e0 casa paterna\u201d.<\/p>\n<p>Que amor \u00e0 P\u00e1tria pode existir em esp\u00edritos tomados pelo pavor, pela viol\u00eancia de tiros a esmo, pelo estado de guerra civil como a que vemos no Rio de Janeiro, pelos assaltos que infestam as capitais e cidades do Norte e Nordeste, pela marginalidade que incorpora bandos de menores? Que esp\u00edrito p\u00fablico pode vingar em nossa Am\u00e9rica Latina quando na vizinha Venezuela as multid\u00f5es n\u00e3o t\u00eam mais o que comer e passam a fugir do pa\u00eds, entrando aos montes em nosso pa\u00eds? O que diria desse Nicolas Maduro, o grande libertador Simon Bol\u00edvar, aquele que, um dia, retratou o sofrido continente:\u00a0\u201cn\u00e3o h\u00e1 boa f\u00e9 na Am\u00e9rica, nem entre os homens nem entre as na\u00e7\u00f5es; os tratados s\u00e3o pap\u00e9is, as constitui\u00e7\u00f5es n\u00e3o passam de livros, as elei\u00e7\u00f5es s\u00e3o batalhas, a liberdade \u00e9 anarquia e a vida um tormento. A \u00fanica coisa que se pode fazer na Am\u00e9rica \u00e9 emigrar\u201d.<\/p>\n<p>O povo quer sentir estabilidade e seguran\u00e7a. Seguran\u00e7a nas ruas, seguran\u00e7a do emprego. Hoje, h\u00e1 13 milh\u00f5es de desempregados, amargurando dias de tristeza. Estabilidade que permita divisar com nitidez a linha do horizonte. Como divisar clareza quando estamos apenas a 5 meses da elei\u00e7\u00e3o, sem sinais do que pode ocorrer?<\/p>\n<p>A chama tel\u00farica \u2013 essa que liga as pessoas ao lugar onde nasceram \u2013 est\u00e1 quase se apagando com a viol\u00eancia, o incha\u00e7o das metr\u00f3poles e o crescimento desordenado das regi\u00f5es. \u00c9 bem verdade que daqui a um m\u00eas o pa\u00eds dever\u00e1 viver a catarse coletiva da Copa do Mundo. E se perdemos? Ser\u00e3o dias de tristeza, desgosto e mais amargura. Vamos continuar a ver governos de todas as inst\u00e2ncias usando m\u00edseros tost\u00f5es para administrar massas falidas.<\/p>\n<p>Rezemos para afastar a maldi\u00e7\u00e3o de S\u00edsifo.<\/p>\n","protected":false},"excerpt":{"rendered":"<p>A vida \u00e9 um eterno recome\u00e7o. Fosse escolher a lenda mitol\u00f3gica que mais se assemelha \u00e0 sua vida, provavelmente o povo brasileiro colocaria a hist\u00f3ria do castigo de S\u00edsifo entre as preferidas. S\u00edsifo, que viveu vida solerte, conseguiu livrar-se da morte por duas vezes, sempre blefando. N\u00e3o cumpria a palavra empenhada, at\u00e9 que T\u00e2natos veio [&hellip;]<\/p>\n","protected":false},"author":96,"featured_media":104142,"comment_status":"closed","ping_status":"closed","sticky":false,"template":"","format":"standard","meta":{"footnotes":""},"categories":[291],"tags":[],"class_list":["post-105382","post","type-post","status-publish","format-standard","has-post-thumbnail","hentry","category-versoes-artigos-de-opiniao"],"_links":{"self":[{"href":"https:\/\/diarioregionaldigital.com.br\/index.php?rest_route=\/wp\/v2\/posts\/105382","targetHints":{"allow":["GET"]}}],"collection":[{"href":"https:\/\/diarioregionaldigital.com.br\/index.php?rest_route=\/wp\/v2\/posts"}],"about":[{"href":"https:\/\/diarioregionaldigital.com.br\/index.php?rest_route=\/wp\/v2\/types\/post"}],"author":[{"embeddable":true,"href":"https:\/\/diarioregionaldigital.com.br\/index.php?rest_route=\/wp\/v2\/users\/96"}],"replies":[{"embeddable":true,"href":"https:\/\/diarioregionaldigital.com.br\/index.php?rest_route=%2Fwp%2Fv2%2Fcomments&post=105382"}],"version-history":[{"count":0,"href":"https:\/\/diarioregionaldigital.com.br\/index.php?rest_route=\/wp\/v2\/posts\/105382\/revisions"}],"wp:featuredmedia":[{"embeddable":true,"href":"https:\/\/diarioregionaldigital.com.br\/index.php?rest_route=\/wp\/v2\/media\/104142"}],"wp:attachment":[{"href":"https:\/\/diarioregionaldigital.com.br\/index.php?rest_route=%2Fwp%2Fv2%2Fmedia&parent=105382"}],"wp:term":[{"taxonomy":"category","embeddable":true,"href":"https:\/\/diarioregionaldigital.com.br\/index.php?rest_route=%2Fwp%2Fv2%2Fcategories&post=105382"},{"taxonomy":"post_tag","embeddable":true,"href":"https:\/\/diarioregionaldigital.com.br\/index.php?rest_route=%2Fwp%2Fv2%2Ftags&post=105382"}],"curies":[{"name":"wp","href":"https:\/\/api.w.org\/{rel}","templated":true}]}}