{"id":105372,"date":"2018-05-24T06:00:02","date_gmt":"2018-05-24T09:00:02","guid":{"rendered":"http:\/\/diarioregionaljf.com.br\/?p=105372"},"modified":"2018-05-23T19:31:02","modified_gmt":"2018-05-23T22:31:02","slug":"studio-dialeto-promove-palestra-cultura-de-projeto-como-estrategia-para-pequenos-negocios","status":"publish","type":"post","link":"https:\/\/diarioregionaldigital.com.br\/?p=105372","title":{"rendered":"Studio Dialeto promove palestra \u201cCultura de projeto como estrat\u00e9gia para pequenos neg\u00f3cios\u201d"},"content":{"rendered":"<p>No dia 5 de junho, o\u00a0Studio Dialeto, empresa voltada para o desenvolvimento de outros neg\u00f3cios, promove a palestra \u201cCultura de projeto como estrat\u00e9gia para pequenos neg\u00f3cios\u201d. A iniciativa \u00e9 direcionada para\u00a0empreendedores com pequenos neg\u00f3cios j\u00e1 estabelecidos no mercado e que tenham planos de crescimento para os pr\u00f3ximos anos.\u00a0O evento acontece no Museu do Cr\u00e9dito Real (Avenida Get\u00falio Vargas, 455, Centro). As inscri\u00e7\u00f5es s\u00e3o limitadas e gratuitas e podem ser realizadas no <a href=\"https:\/\/docs.google.com\/forms\/d\/e\/1FAIpQLSdr1Rh_KKKH35PyqVEgsh4KS8to22TtkZfyE1gBI9VQmdxIPg\/viewform\">site<\/a> da institui\u00e7\u00e3o.<\/p>\n<p>A diretora do Studio e palestrante\u00a0Wanessa Bittar, explicou que os objetivos do evento\u00a0\u00e9 mostrar para as empresas a import\u00e2ncia da cria\u00e7\u00e3o de projetos para desenvolver a intelig\u00eancia organizacional, por meio da miss\u00e3o, vis\u00e3o e valores. Essas a\u00e7\u00f5es permitem construir uma imagem coerente com a idealizada e tamb\u00e9m expandir a rede de relacionamento da pequena empresa estrategicamente.<\/p>\n<div id=\"attachment_105381\" style=\"width: 2058px\" class=\"wp-caption alignnone\"><img loading=\"lazy\" decoding=\"async\" aria-describedby=\"caption-attachment-105381\" class=\"size-full wp-image-105381\" src=\"http:\/\/diarioregionaljf.com.br\/wp-content\/uploads\/2018\/05\/empreendaconhecimentodivulgacao03-2.jpg\" alt=\"\" width=\"2048\" height=\"1365\" srcset=\"https:\/\/diarioregionaldigital.com.br\/wp-content\/uploads\/2018\/05\/empreendaconhecimentodivulgacao03-2.jpg 2048w, https:\/\/diarioregionaldigital.com.br\/wp-content\/uploads\/2018\/05\/empreendaconhecimentodivulgacao03-2-300x200.jpg 300w, https:\/\/diarioregionaldigital.com.br\/wp-content\/uploads\/2018\/05\/empreendaconhecimentodivulgacao03-2-768x512.jpg 768w, https:\/\/diarioregionaldigital.com.br\/wp-content\/uploads\/2018\/05\/empreendaconhecimentodivulgacao03-2-1024x683.jpg 1024w, https:\/\/diarioregionaldigital.com.br\/wp-content\/uploads\/2018\/05\/empreendaconhecimentodivulgacao03-2-360x240.jpg 360w\" sizes=\"auto, (max-width: 2048px) 100vw, 2048px\" \/><p id=\"caption-attachment-105381\" class=\"wp-caption-text\">Iniciativa \u00e9 direcionada para pequenos empreendedores com planos de crescimento nos pr\u00f3ximos anos. FOTO: Divulga\u00e7\u00e3o<\/p><\/div>\n<p>\u201cO foco do\u00a0Studio Dialeto\u00a0s\u00e3o os pequenos neg\u00f3cios. Trabalhamos com a capacita\u00e7\u00e3o dos menores para gerar ideias, que agregam valor a suas iniciativas. Temos todo um m\u00e9todo e ferramentas que ligam informa\u00e7\u00f5es que, no futuro, podem ajudar a empresa a se consolidar. \u00c9 isso que quero mostrar na palestra\u201d, explicou. \u201cAgrade\u00e7o \u00e0 dire\u00e7\u00e3o do Museu do Cr\u00e9dito Real que apoiou esta ideia\u201d.<\/p>\n<p>Na mesma data,\u00a0ser\u00e1 apresentado o projeto \u201cEmpreenda Conhecimento\u201d, que vai para a sua segunda edi\u00e7\u00e3o em 2018. A iniciativa visa apoiar neg\u00f3cios que desejam olhar para o seu sistema de servi\u00e7o e desenvolver um projeto pr\u00f3prio. \u201cComo trabalhamos com a quest\u00e3o de apoiar a elabora\u00e7\u00e3o de projetos, o foco do programa \u00e9 as pessoas que desejam desenvolver um projeto com vis\u00e3o\u00a0socioambiental. Hoje, existem maneiras diferentes de gerar lucros. S\u00e3o pensamentos que podem ser adquiridos, refor\u00e7ando que uma empresa com pouca estrutura pode ser organizada, ter planejamento para trabalhar com a gest\u00e3o de tempo e projetos, e inserir aprendizado dentro do seu ambiente\u201d, afirmou.<\/p>\n<p>&nbsp;<\/p>\n<p><strong>A EMPRESA<\/strong><strong>\u00a0<\/strong><\/p>\n<p>O Studio Dialeto oferece servi\u00e7os de capacita\u00e7\u00e3o e design aplicado aos processos de servi\u00e7os que contribuem para eliminar a\u00e7\u00f5es desajustadas a identidade com crit\u00e9rios na diferencia\u00e7\u00e3o, na redu\u00e7\u00e3o de custos, no aumento da vantagem competitiva e do retorno sobre investimento. Facilitando caminhos para atra\u00e7\u00e3o de consumidores, investidores e divulgadores para o neg\u00f3cio ou projeto. Sua miss\u00e3o \u00e9\u00a0estimular a pr\u00e1tica de gera\u00e7\u00e3o de valor para consolidar ideias em neg\u00f3cios ou projetos.<\/p>\n","protected":false},"excerpt":{"rendered":"<p>No dia 5 de junho, o\u00a0Studio Dialeto, empresa voltada para o desenvolvimento de outros neg\u00f3cios, promove a palestra \u201cCultura de projeto como estrat\u00e9gia para pequenos neg\u00f3cios\u201d. A iniciativa \u00e9 direcionada para\u00a0empreendedores com pequenos neg\u00f3cios j\u00e1 estabelecidos no mercado e que tenham planos de crescimento para os pr\u00f3ximos anos.\u00a0O evento acontece no Museu do Cr\u00e9dito Real [&hellip;]<\/p>\n","protected":false},"author":96,"featured_media":105398,"comment_status":"closed","ping_status":"closed","sticky":false,"template":"","format":"standard","meta":{"footnotes":""},"categories":[253,440,439],"tags":[958,959,957],"class_list":["post-105372","post","type-post","status-publish","format-standard","has-post-thumbnail","hentry","category-cidade","category-destaques-do-dia","category-ultima-hora","tag-palestra","tag-pequenos-empreendedores","tag-studio-dialeto"],"_links":{"self":[{"href":"https:\/\/diarioregionaldigital.com.br\/index.php?rest_route=\/wp\/v2\/posts\/105372","targetHints":{"allow":["GET"]}}],"collection":[{"href":"https:\/\/diarioregionaldigital.com.br\/index.php?rest_route=\/wp\/v2\/posts"}],"about":[{"href":"https:\/\/diarioregionaldigital.com.br\/index.php?rest_route=\/wp\/v2\/types\/post"}],"author":[{"embeddable":true,"href":"https:\/\/diarioregionaldigital.com.br\/index.php?rest_route=\/wp\/v2\/users\/96"}],"replies":[{"embeddable":true,"href":"https:\/\/diarioregionaldigital.com.br\/index.php?rest_route=%2Fwp%2Fv2%2Fcomments&post=105372"}],"version-history":[{"count":0,"href":"https:\/\/diarioregionaldigital.com.br\/index.php?rest_route=\/wp\/v2\/posts\/105372\/revisions"}],"wp:featuredmedia":[{"embeddable":true,"href":"https:\/\/diarioregionaldigital.com.br\/index.php?rest_route=\/wp\/v2\/media\/105398"}],"wp:attachment":[{"href":"https:\/\/diarioregionaldigital.com.br\/index.php?rest_route=%2Fwp%2Fv2%2Fmedia&parent=105372"}],"wp:term":[{"taxonomy":"category","embeddable":true,"href":"https:\/\/diarioregionaldigital.com.br\/index.php?rest_route=%2Fwp%2Fv2%2Fcategories&post=105372"},{"taxonomy":"post_tag","embeddable":true,"href":"https:\/\/diarioregionaldigital.com.br\/index.php?rest_route=%2Fwp%2Fv2%2Ftags&post=105372"}],"curies":[{"name":"wp","href":"https:\/\/api.w.org\/{rel}","templated":true}]}}