{"id":105328,"date":"2018-05-23T15:55:53","date_gmt":"2018-05-23T18:55:53","guid":{"rendered":"http:\/\/diarioregionaljf.com.br\/?p=105328"},"modified":"2018-05-23T15:55:53","modified_gmt":"2018-05-23T18:55:53","slug":"emissao-de-carteiras-de-identidade-tem-funcionamento-interrompido","status":"publish","type":"post","link":"https:\/\/diarioregionaldigital.com.br\/?p=105328","title":{"rendered":"Emiss\u00e3o de carteiras de identidade tem funcionamento interrompido"},"content":{"rendered":"<p>A Diretoria de Inform\u00e1tica da Pol\u00edcia Civil do Estado de Minas Gerais informou \u00e0 C\u00e2mara Municipal a necessidade de manuten\u00e7\u00e3o nos equipamentos que servem ao Posto de Identifica\u00e7\u00e3o Civil do Legislativo de Juiz de Fora onde s\u00e3o expedidas as carteiras de identidade. Desse modo, durante dez dias, todos os equipamentos v\u00e3o ficar inoperantes e, por isso, o servi\u00e7o ser\u00e1 interrompido neste per\u00edodo, a partir dessa quarta-feira, 23, com previs\u00e3o de retorno no dia 4 de junho. Contudo, a diretoria ressalta que este prazo pode se estender por at\u00e9 30 dias.<\/p>\n<p>O Centro de Aten\u00e7\u00e3o ao Cidad\u00e3o (CAC) da C\u00e2mara informa que, neste per\u00edodo, o Posto de Atendimento s\u00f3 far\u00e1 a entrega das carteiras de identidade j\u00e1 prontas.<\/p>\n<p>&nbsp;<\/p>\n<p>Fonte: Assessoria<\/p>\n","protected":false},"excerpt":{"rendered":"<p>A Diretoria de Inform\u00e1tica da Pol\u00edcia Civil do Estado de Minas Gerais informou \u00e0 C\u00e2mara Municipal a necessidade de manuten\u00e7\u00e3o nos equipamentos que servem ao Posto de Identifica\u00e7\u00e3o Civil do Legislativo de Juiz de Fora onde s\u00e3o expedidas as carteiras de identidade. Desse modo, durante dez dias, todos os equipamentos v\u00e3o ficar inoperantes e, por [&hellip;]<\/p>\n","protected":false},"author":96,"featured_media":105329,"comment_status":"closed","ping_status":"closed","sticky":false,"template":"","format":"standard","meta":{"footnotes":""},"categories":[253,440,439],"tags":[],"class_list":["post-105328","post","type-post","status-publish","format-standard","has-post-thumbnail","hentry","category-cidade","category-destaques-do-dia","category-ultima-hora"],"_links":{"self":[{"href":"https:\/\/diarioregionaldigital.com.br\/index.php?rest_route=\/wp\/v2\/posts\/105328","targetHints":{"allow":["GET"]}}],"collection":[{"href":"https:\/\/diarioregionaldigital.com.br\/index.php?rest_route=\/wp\/v2\/posts"}],"about":[{"href":"https:\/\/diarioregionaldigital.com.br\/index.php?rest_route=\/wp\/v2\/types\/post"}],"author":[{"embeddable":true,"href":"https:\/\/diarioregionaldigital.com.br\/index.php?rest_route=\/wp\/v2\/users\/96"}],"replies":[{"embeddable":true,"href":"https:\/\/diarioregionaldigital.com.br\/index.php?rest_route=%2Fwp%2Fv2%2Fcomments&post=105328"}],"version-history":[{"count":0,"href":"https:\/\/diarioregionaldigital.com.br\/index.php?rest_route=\/wp\/v2\/posts\/105328\/revisions"}],"wp:featuredmedia":[{"embeddable":true,"href":"https:\/\/diarioregionaldigital.com.br\/index.php?rest_route=\/wp\/v2\/media\/105329"}],"wp:attachment":[{"href":"https:\/\/diarioregionaldigital.com.br\/index.php?rest_route=%2Fwp%2Fv2%2Fmedia&parent=105328"}],"wp:term":[{"taxonomy":"category","embeddable":true,"href":"https:\/\/diarioregionaldigital.com.br\/index.php?rest_route=%2Fwp%2Fv2%2Fcategories&post=105328"},{"taxonomy":"post_tag","embeddable":true,"href":"https:\/\/diarioregionaldigital.com.br\/index.php?rest_route=%2Fwp%2Fv2%2Ftags&post=105328"}],"curies":[{"name":"wp","href":"https:\/\/api.w.org\/{rel}","templated":true}]}}