{"id":105325,"date":"2018-05-23T15:37:36","date_gmt":"2018-05-23T18:37:36","guid":{"rendered":"http:\/\/diarioregionaljf.com.br\/?p=105325"},"modified":"2018-05-23T15:37:36","modified_gmt":"2018-05-23T18:37:36","slug":"cesama-realiza-manutencao-em-adutora-e-regioes-nordeste-e-leste-da-cidade-podem-ter-o-abastecimento-de-agua-comprometido","status":"publish","type":"post","link":"https:\/\/diarioregionaldigital.com.br\/?p=105325","title":{"rendered":"Cesama realiza manuten\u00e7\u00e3o em adutora e regi\u00f5es Nordeste e Leste da cidade podem ter o abastecimento de \u00e1gua comprometido"},"content":{"rendered":"<p>Nesta quinta-feira, 24, a Companhia de Saneamento Municipal (Cesama) realizar\u00e1 servi\u00e7os de manuten\u00e7\u00e3o em uma adutora, de 800 mm de di\u00e2metro, na altura do bairro Barbosa Lage, zona Norte. Os trabalhos ser\u00e3o realizados das 7h \u00e0s 17h e, para isso, ser\u00e1 necess\u00e1rio interromper o fornecimento de \u00e1gua, podendo afetar o abastecimento das seguintes localidades e imedia\u00e7\u00f5es: Filgueiras, Grama, Nova Gramado, Recanto dos Lagos, Parque Guarani, Vila da Serra, Progresso, Santa Paula, Marumbi, Bairu, Centen\u00e1rio, Manoel Hon\u00f3rio, Bonfim, Nossa Senhora Aparecida, Graja\u00fa, Linhares, Vitorino Braga, Santa C\u00e2ndida, Vila Alpina, S\u00e3o Benedito, S\u00e3o Sebasti\u00e3o, Santos Anjos, Jardim do Sol, Bosque dos Pinheiros, Aracy, Costa Carvalho, Juscelino Kubitschek (JK), Nossa Senhora de Lourdes, Tiguera, Santo Ant\u00f4nio, Terras Altas, Granjas Bethel, Parque das Palmeiras, Retiro, Jardim Esperan\u00e7a e Floresta.<\/p>\n<p>A Cesama orienta os moradores locais para que economizem \u00e1gua durante os trabalhos, e conta com a compreens\u00e3o da popula\u00e7\u00e3o. Assim que os trabalhos forem finalizados, a \u00e1gua volta a ser fornecida. A previs\u00e3o \u00e9 de que abastecimento seja restabelecido durante a madrugada de sexta-feira, 25.<\/p>\n<p>&nbsp;<\/p>\n<p>Fonte: Assessoria<\/p>\n","protected":false},"excerpt":{"rendered":"<p>Nesta quinta-feira, 24, a Companhia de Saneamento Municipal (Cesama) realizar\u00e1 servi\u00e7os de manuten\u00e7\u00e3o em uma adutora, de 800 mm de di\u00e2metro, na altura do bairro Barbosa Lage, zona Norte. Os trabalhos ser\u00e3o realizados das 7h \u00e0s 17h e, para isso, ser\u00e1 necess\u00e1rio interromper o fornecimento de \u00e1gua, podendo afetar o abastecimento das seguintes localidades e [&hellip;]<\/p>\n","protected":false},"author":96,"featured_media":105326,"comment_status":"closed","ping_status":"closed","sticky":false,"template":"","format":"standard","meta":{"footnotes":""},"categories":[253,440,439],"tags":[],"class_list":["post-105325","post","type-post","status-publish","format-standard","has-post-thumbnail","hentry","category-cidade","category-destaques-do-dia","category-ultima-hora"],"_links":{"self":[{"href":"https:\/\/diarioregionaldigital.com.br\/index.php?rest_route=\/wp\/v2\/posts\/105325","targetHints":{"allow":["GET"]}}],"collection":[{"href":"https:\/\/diarioregionaldigital.com.br\/index.php?rest_route=\/wp\/v2\/posts"}],"about":[{"href":"https:\/\/diarioregionaldigital.com.br\/index.php?rest_route=\/wp\/v2\/types\/post"}],"author":[{"embeddable":true,"href":"https:\/\/diarioregionaldigital.com.br\/index.php?rest_route=\/wp\/v2\/users\/96"}],"replies":[{"embeddable":true,"href":"https:\/\/diarioregionaldigital.com.br\/index.php?rest_route=%2Fwp%2Fv2%2Fcomments&post=105325"}],"version-history":[{"count":0,"href":"https:\/\/diarioregionaldigital.com.br\/index.php?rest_route=\/wp\/v2\/posts\/105325\/revisions"}],"wp:featuredmedia":[{"embeddable":true,"href":"https:\/\/diarioregionaldigital.com.br\/index.php?rest_route=\/wp\/v2\/media\/105326"}],"wp:attachment":[{"href":"https:\/\/diarioregionaldigital.com.br\/index.php?rest_route=%2Fwp%2Fv2%2Fmedia&parent=105325"}],"wp:term":[{"taxonomy":"category","embeddable":true,"href":"https:\/\/diarioregionaldigital.com.br\/index.php?rest_route=%2Fwp%2Fv2%2Fcategories&post=105325"},{"taxonomy":"post_tag","embeddable":true,"href":"https:\/\/diarioregionaldigital.com.br\/index.php?rest_route=%2Fwp%2Fv2%2Ftags&post=105325"}],"curies":[{"name":"wp","href":"https:\/\/api.w.org\/{rel}","templated":true}]}}