{"id":105322,"date":"2018-05-23T15:28:57","date_gmt":"2018-05-23T18:28:57","guid":{"rendered":"http:\/\/diarioregionaljf.com.br\/?p=105322"},"modified":"2018-05-23T16:06:20","modified_gmt":"2018-05-23T19:06:20","slug":"policia-civil-de-minas-ja-considera-azeredo-foragido-da-justica","status":"publish","type":"post","link":"https:\/\/diarioregionaldigital.com.br\/?p=105322","title":{"rendered":"Pol\u00edcia Civil de Minas j\u00e1 considera Azeredo foragido da Justi\u00e7a"},"content":{"rendered":"<p>Por participa\u00e7\u00e3o no chamado mensal\u00e3o tucano, o ex-governador de Minas Gerais\u00a0Eduardo Azeredo\u00a0\u00e9 considerado foragido da Justi\u00e7a. A informa\u00e7\u00e3o \u00e9 da Pol\u00edcia Civil de Minas Gerais, que, desde\u00a0ontem, 22, tenta cumprir o mandado de pris\u00e3o expedido pelo Tribunal de Justi\u00e7a de Minas Gerais (TJMG).<\/p>\n<p>Segundo a assessoria da Pol\u00edcia Civil, os advogados do tucano come\u00e7aram a negociar os termos de sua apresenta\u00e7\u00e3o logo ap\u00f3s os desembargadores da 5\u00aa C\u00e2mara do TJMG negarem mais um recurso\u00a0de Azeredo e determinarem sua imediata pris\u00e3o.<\/p>\n<p>Apesar das negocia\u00e7\u00f5es, Azeredo frustrou as expectativas iniciais do delegado respons\u00e1vel pelo caso, Alo\u00edsio Fagundes, e n\u00e3o se apresentou na noite dessa\u00a0ter\u00e7a-feira. De acordo com a Pol\u00edcia Civil, as dilig\u00eancias policiais para localizar o ex-governador mineiro est\u00e3o em andamento.<\/p>\n<p>O recurso negado\u00a0ontem\u00a0era o \u00faltimo poss\u00edvel na\u00a0segunda\u00a0inst\u00e2ncia, permitindo a pris\u00e3o de Azeredo. O relator do processo, J\u00falio Cesar Lorens, e o revisor, desembargador Alexandre Victor de Carvalho, votaram favoravelmente \u00e0 rejei\u00e7\u00e3o dos recursos e pela decreta\u00e7\u00e3o da pris\u00e3o imediata do ex-governador, sendo seguidos pelos demais desembargadores.<\/p>\n<p>Azeredo foi denunciado pelo suposto envolvimento em um esquema de corrup\u00e7\u00e3o montado para beneficiar sua campanha de reelei\u00e7\u00e3o ao governo mineiro, em 1998. Segundo o Minist\u00e9rio P\u00fablico Federal (MPF), mais de R$3 milh\u00f5es foram desviados de empresas estatais mineiras. Para o MPF, a pr\u00e1tica dos crimes s\u00f3 foi poss\u00edvel por meio de &#8220;esquema criminoso&#8221; montado pelo publicit\u00e1rio Marcos Val\u00e9rio, condenado na A\u00e7\u00e3o Penal 470, o processo do mensal\u00e3o.<\/p>\n<p>Em 2015, Azeredo foi condenado pelos crimes de peculato e lavagem de dinheiro pela primeira vez. Na \u00e9poca, ele foi sentenciado a 20 anos e 10 meses de pris\u00e3o. Em agosto do ano passado, a condena\u00e7\u00e3o foi confirmada em\u00a0segunda\u00a0inst\u00e2ncia, mas a pena aplicada ao pol\u00edtico foi reduzida em 9 meses, passando para 20 anos e um m\u00eas.<\/p>\n<p>Em 2014, Eduardo Azeredo renunciou ao cargo de deputado federal, perdendo o foro privilegiado no Supremo Tribunal Federal \u2013 o que fez com que seu processo fosse remitido \u00e0 Justi\u00e7a de primeira inst\u00e2ncia, em Minas Gerais, retardando o julgamento.<\/p>\n<p>A reportagem da\u00a0Ag\u00eancia Brasil tenta entrar em\u00a0contato com a defesa do ex-governador.<\/p>\n<p>&nbsp;<\/p>\n<p>Fonte: Ag\u00eancia Brasil<\/p>\n","protected":false},"excerpt":{"rendered":"<p>Por participa\u00e7\u00e3o no chamado mensal\u00e3o tucano, o ex-governador de Minas Gerais\u00a0Eduardo Azeredo\u00a0\u00e9 considerado foragido da Justi\u00e7a. A informa\u00e7\u00e3o \u00e9 da Pol\u00edcia Civil de Minas Gerais, que, desde\u00a0ontem, 22, tenta cumprir o mandado de pris\u00e3o expedido pelo Tribunal de Justi\u00e7a de Minas Gerais (TJMG). Segundo a assessoria da Pol\u00edcia Civil, os advogados do tucano come\u00e7aram a [&hellip;]<\/p>\n","protected":false},"author":96,"featured_media":105323,"comment_status":"closed","ping_status":"closed","sticky":false,"template":"","format":"standard","meta":{"footnotes":""},"categories":[254,439],"tags":[],"class_list":["post-105322","post","type-post","status-publish","format-standard","has-post-thumbnail","hentry","category-politica","category-ultima-hora"],"_links":{"self":[{"href":"https:\/\/diarioregionaldigital.com.br\/index.php?rest_route=\/wp\/v2\/posts\/105322","targetHints":{"allow":["GET"]}}],"collection":[{"href":"https:\/\/diarioregionaldigital.com.br\/index.php?rest_route=\/wp\/v2\/posts"}],"about":[{"href":"https:\/\/diarioregionaldigital.com.br\/index.php?rest_route=\/wp\/v2\/types\/post"}],"author":[{"embeddable":true,"href":"https:\/\/diarioregionaldigital.com.br\/index.php?rest_route=\/wp\/v2\/users\/96"}],"replies":[{"embeddable":true,"href":"https:\/\/diarioregionaldigital.com.br\/index.php?rest_route=%2Fwp%2Fv2%2Fcomments&post=105322"}],"version-history":[{"count":0,"href":"https:\/\/diarioregionaldigital.com.br\/index.php?rest_route=\/wp\/v2\/posts\/105322\/revisions"}],"wp:featuredmedia":[{"embeddable":true,"href":"https:\/\/diarioregionaldigital.com.br\/index.php?rest_route=\/wp\/v2\/media\/105323"}],"wp:attachment":[{"href":"https:\/\/diarioregionaldigital.com.br\/index.php?rest_route=%2Fwp%2Fv2%2Fmedia&parent=105322"}],"wp:term":[{"taxonomy":"category","embeddable":true,"href":"https:\/\/diarioregionaldigital.com.br\/index.php?rest_route=%2Fwp%2Fv2%2Fcategories&post=105322"},{"taxonomy":"post_tag","embeddable":true,"href":"https:\/\/diarioregionaldigital.com.br\/index.php?rest_route=%2Fwp%2Fv2%2Ftags&post=105322"}],"curies":[{"name":"wp","href":"https:\/\/api.w.org\/{rel}","templated":true}]}}