{"id":105314,"date":"2018-05-23T14:09:53","date_gmt":"2018-05-23T17:09:53","guid":{"rendered":"http:\/\/diarioregionaljf.com.br\/?p=105314"},"modified":"2018-05-23T14:11:03","modified_gmt":"2018-05-23T17:11:03","slug":"neymar-jesus-e-danilo-vao-a-campo-para-trabalho-com-bola","status":"publish","type":"post","link":"https:\/\/diarioregionaldigital.com.br\/?p=105314","title":{"rendered":"Neymar, Jesus e Danilo v\u00e3o a campo para trabalho com bola"},"content":{"rendered":"<p>Danilo, Gabriel Jesus e Neymar foram a campo na tarde desta ter\u00e7a-feira, 22. Sob a supervis\u00e3o do preparador f\u00edsico Ricardo Rosa, o trio trabalhou a parte f\u00edsica e tamb\u00e9m treinou com bola no campo dois da Granja Comary. A atividade durou cerca de quarenta minutos e deixou os jogadores animados. Rolou at\u00e9 uma disputa bem humorada de quem acertava mais as finaliza\u00e7\u00f5es. O treino serviu para dar sequ\u00eancia na evolu\u00e7\u00e3o dos atletas. No caso de Neymar, coloc\u00e1-lo para realizar os movimentos corporais exigidos para a pr\u00e1tica do futebol. J\u00e1 Danilo e Gabriel, em fim de temporada nos seus clubes, o treinamento teve o objetivo de uma manuten\u00e7\u00e3o f\u00edsica.<\/p>\n<p>\u201cPara o Neymar, fizemos um trabalho de propriocep\u00e7\u00e3o, pois ele est\u00e1 em processo de evolu\u00e7\u00e3o com a bola. \u00c9 o quarto trabalho dele ap\u00f3s a libera\u00e7\u00e3o m\u00e9dica. Ele participou de um joguinho dois contra dois. Damos uma aumentada na intensidade das finaliza\u00e7\u00f5es, mas sem goleiro para n\u00e3o exigir muito esfor\u00e7o. Temos que avali\u00e1-lo no dia a dia, antes e p\u00f3s-treino para saber como ele se sente, para n\u00e3o ter nenhum desconforto. Dando os est\u00edmulos e avaliando constantemente. No caso de Danilo e Gabriel, eles est\u00e3o em final de temporada e com diminui\u00e7\u00e3o de carga de trabalho nas \u00faltimas semanas. Os dois trabalharam para manuten\u00e7\u00e3o f\u00edsica\u201d, explica Ricardo Rosa.<\/p>\n<p>Silvinho, auxiliar t\u00e9cnico, Taffarel e Rog\u00e9rio Maia, preparadores de goleiro, foram os respons\u00e1veis por auxiliar Rosa na atividade. Danilo, Jesus e Neymar participaram de um treino de finaliza\u00e7\u00f5es, que consistia em acertar os golzinhos posicionados um ao lado de cada trave, com chutes de esquerda e direita. Empolgado, o trio se motivava e provocava a cada acerto.<\/p>\n<p>\u201cA ideia de fazer o trabalho com bola \u00e9 porque se torna um elemento incentivador, pois o atleta sabe que ser\u00e1 mais din\u00e2mico e prazeroso. Criamos a situa\u00e7\u00e3o de disputa, no caso do joguinho, de saber quem vai ganhar. Isso tudo serve de incentivo, e enquanto eles est\u00e3o se divertindo est\u00e3o trabalhando a parte f\u00edsica tamb\u00e9m\u201d, finaliza o preparador f\u00edsico referindo-se \u00e0s disputadas partidas de golzinho com Taffarel e Gabriel Jesus contra Neymar e Danilo.<\/p>\n<p>&nbsp;<\/p>\n<p><strong>Fonte: CBF<\/strong><\/p>\n<p>&nbsp;<\/p>\n","protected":false},"excerpt":{"rendered":"<p>Danilo, Gabriel Jesus e Neymar foram a campo na tarde desta ter\u00e7a-feira, 22. Sob a supervis\u00e3o do preparador f\u00edsico Ricardo Rosa, o trio trabalhou a parte f\u00edsica e tamb\u00e9m treinou com bola no campo dois da Granja Comary. A atividade durou cerca de quarenta minutos e deixou os jogadores animados. Rolou at\u00e9 uma disputa bem [&hellip;]<\/p>\n","protected":false},"author":96,"featured_media":105315,"comment_status":"closed","ping_status":"closed","sticky":false,"template":"","format":"standard","meta":{"footnotes":""},"categories":[257,439],"tags":[],"class_list":["post-105314","post","type-post","status-publish","format-standard","has-post-thumbnail","hentry","category-esporte","category-ultima-hora"],"_links":{"self":[{"href":"https:\/\/diarioregionaldigital.com.br\/index.php?rest_route=\/wp\/v2\/posts\/105314","targetHints":{"allow":["GET"]}}],"collection":[{"href":"https:\/\/diarioregionaldigital.com.br\/index.php?rest_route=\/wp\/v2\/posts"}],"about":[{"href":"https:\/\/diarioregionaldigital.com.br\/index.php?rest_route=\/wp\/v2\/types\/post"}],"author":[{"embeddable":true,"href":"https:\/\/diarioregionaldigital.com.br\/index.php?rest_route=\/wp\/v2\/users\/96"}],"replies":[{"embeddable":true,"href":"https:\/\/diarioregionaldigital.com.br\/index.php?rest_route=%2Fwp%2Fv2%2Fcomments&post=105314"}],"version-history":[{"count":0,"href":"https:\/\/diarioregionaldigital.com.br\/index.php?rest_route=\/wp\/v2\/posts\/105314\/revisions"}],"wp:featuredmedia":[{"embeddable":true,"href":"https:\/\/diarioregionaldigital.com.br\/index.php?rest_route=\/wp\/v2\/media\/105315"}],"wp:attachment":[{"href":"https:\/\/diarioregionaldigital.com.br\/index.php?rest_route=%2Fwp%2Fv2%2Fmedia&parent=105314"}],"wp:term":[{"taxonomy":"category","embeddable":true,"href":"https:\/\/diarioregionaldigital.com.br\/index.php?rest_route=%2Fwp%2Fv2%2Fcategories&post=105314"},{"taxonomy":"post_tag","embeddable":true,"href":"https:\/\/diarioregionaldigital.com.br\/index.php?rest_route=%2Fwp%2Fv2%2Ftags&post=105314"}],"curies":[{"name":"wp","href":"https:\/\/api.w.org\/{rel}","templated":true}]}}