{"id":105310,"date":"2018-05-23T14:05:52","date_gmt":"2018-05-23T17:05:52","guid":{"rendered":"http:\/\/diarioregionaljf.com.br\/?p=105310"},"modified":"2018-05-23T15:30:58","modified_gmt":"2018-05-23T18:30:58","slug":"preparador-fisico-do-tupi-e-demitido-e-mais-tres-jogadores-dispensados","status":"publish","type":"post","link":"https:\/\/diarioregionaldigital.com.br\/?p=105310","title":{"rendered":"Preparador F\u00edsico do Tupi \u00e9 demitido e mais tr\u00eas jogadores dispensados"},"content":{"rendered":"<p>Luis Augusto Alves n\u00e3o \u00e9 mais o preparador f\u00edsico do Tupi. Na noite desta \u00a0ter\u00e7a-feira,22, o clube divulgou uma nota dispensando o profissional.<\/p>\n<p>&nbsp;<\/p>\n<p>Confira a nota do Tupi:<\/p>\n<p>&nbsp;<\/p>\n<p>\u201cO Tupi Football Club comunica, por meio deste, a sa\u00edda do preparador f\u00edsico Lu\u00eds Augusto. Desejamos ao profissional, que foi pe\u00e7a importante em conquistas do Galo durante sua passagem, boa sorte e muito sucesso. <a href=\"https:\/\/twitter.com\/hashtag\/VamosTupi?src=hash\">#VamosTupi<\/a>\u201d<\/p>\n<p>Luis Augusto j\u00e1 n\u00e3o participou das primeiras atividades do Galo esta semana. Em dez temporadas de Tupi, com in\u00edcio de trajet\u00f3ria no Alvinegro de Santa Terezinha ainda em 2007, o profissional entrou para a hist\u00f3ria do esporte juiz-forano. At\u00e9 2018, ele s\u00f3 n\u00e3o defendeu o preto e branco local em 2015, quando trabalhou com o t\u00e9cnico Leo Cond\u00e9 no Sampaio Corr\u00eaa e no Goi\u00e1s, pela S\u00e9rie B do Brasileiro.<\/p>\n<p>Tamb\u00e9m de sa\u00edda<\/p>\n<p>O tupi anunciou no inicio dessa semana a dispensa de tr\u00eas jogadores. O meia Tiaguinho, lateral-esquerdo Udson e volante vin\u00edcius tamb\u00e9m deixaram o clube, que se movimenta no mercado para tentar trazer refor\u00e7os na competi\u00e7\u00e3o.<\/p>\n<p>&nbsp;<\/p>\n<p>O Tupi volta a campo no domingo, 27, contra o Joinville, 16h, em Santa Catarina.<\/p>\n<p>&nbsp;<\/p>\n<h1><\/h1>\n","protected":false},"excerpt":{"rendered":"<p>Luis Augusto Alves n\u00e3o \u00e9 mais o preparador f\u00edsico do Tupi. Na noite desta \u00a0ter\u00e7a-feira,22, o clube divulgou uma nota dispensando o profissional. &nbsp; Confira a nota do Tupi: &nbsp; \u201cO Tupi Football Club comunica, por meio deste, a sa\u00edda do preparador f\u00edsico Lu\u00eds Augusto. Desejamos ao profissional, que foi pe\u00e7a importante em conquistas do [&hellip;]<\/p>\n","protected":false},"author":96,"featured_media":105312,"comment_status":"closed","ping_status":"closed","sticky":false,"template":"","format":"standard","meta":{"footnotes":""},"categories":[440,257,439],"tags":[],"class_list":["post-105310","post","type-post","status-publish","format-standard","has-post-thumbnail","hentry","category-destaques-do-dia","category-esporte","category-ultima-hora"],"_links":{"self":[{"href":"https:\/\/diarioregionaldigital.com.br\/index.php?rest_route=\/wp\/v2\/posts\/105310","targetHints":{"allow":["GET"]}}],"collection":[{"href":"https:\/\/diarioregionaldigital.com.br\/index.php?rest_route=\/wp\/v2\/posts"}],"about":[{"href":"https:\/\/diarioregionaldigital.com.br\/index.php?rest_route=\/wp\/v2\/types\/post"}],"author":[{"embeddable":true,"href":"https:\/\/diarioregionaldigital.com.br\/index.php?rest_route=\/wp\/v2\/users\/96"}],"replies":[{"embeddable":true,"href":"https:\/\/diarioregionaldigital.com.br\/index.php?rest_route=%2Fwp%2Fv2%2Fcomments&post=105310"}],"version-history":[{"count":0,"href":"https:\/\/diarioregionaldigital.com.br\/index.php?rest_route=\/wp\/v2\/posts\/105310\/revisions"}],"wp:featuredmedia":[{"embeddable":true,"href":"https:\/\/diarioregionaldigital.com.br\/index.php?rest_route=\/wp\/v2\/media\/105312"}],"wp:attachment":[{"href":"https:\/\/diarioregionaldigital.com.br\/index.php?rest_route=%2Fwp%2Fv2%2Fmedia&parent=105310"}],"wp:term":[{"taxonomy":"category","embeddable":true,"href":"https:\/\/diarioregionaldigital.com.br\/index.php?rest_route=%2Fwp%2Fv2%2Fcategories&post=105310"},{"taxonomy":"post_tag","embeddable":true,"href":"https:\/\/diarioregionaldigital.com.br\/index.php?rest_route=%2Fwp%2Fv2%2Ftags&post=105310"}],"curies":[{"name":"wp","href":"https:\/\/api.w.org\/{rel}","templated":true}]}}