{"id":105302,"date":"2018-05-23T12:09:58","date_gmt":"2018-05-23T15:09:58","guid":{"rendered":"http:\/\/diarioregionaljf.com.br\/?p=105302"},"modified":"2018-05-23T12:09:58","modified_gmt":"2018-05-23T15:09:58","slug":"pgr-denuncia-fernando-pimentel-por-caixa-2","status":"publish","type":"post","link":"https:\/\/diarioregionaldigital.com.br\/?p=105302","title":{"rendered":"PGR denuncia Fernando Pimentel por caixa 2"},"content":{"rendered":"<p>A Procuradoria-Geral da Rep\u00fablica (PGR) denunciou o governador de Minas Gerais, Fernando Pimentel (PT), por falsidade ideol\u00f3gica para fins eleitorais e oculta\u00e7\u00e3o de valores de caixa 2 na presta\u00e7\u00e3o de contas de sua campanha de 2014.<\/p>\n<p>A den\u00fancia foi oferecida em mar\u00e7o, mas teve o sigilo retirado somente agora pelo relator do caso do Superior Tribunal de Justi\u00e7a (STJ), ministro Herman Benjamin. Trata-se da quarta acusa\u00e7\u00e3o contra Pimentel, proveniente da Opera\u00e7\u00e3o Acr\u00f4nimo, que apura um suposto esquema de lavagem de dinheiro para campanhas eleitorais.<\/p>\n<p>Segundo a den\u00fancia, assinada pelo vice-procurador-geral da Rep\u00fablica, Luciano Mariz Maia, Pimentel montou uma \u201cestrutura paralela de arrecada\u00e7\u00e3o de fundos e custeio de despesas\u201d na campanha de 2014.<\/p>\n<p>Nesta acusa\u00e7\u00e3o mais recente, o governador \u00e9 acusado de receber R$3,2 milh\u00f5es via caixa 2 de dois grupos econ\u00f4micos de Minas Gerais. Tamb\u00e9m est\u00e1 envolvido no caso, Benedito Oliveira, o Ben\u00e9, descrito como bra\u00e7o-direito de Pimentel e delator da Acr\u00f4nimo.<\/p>\n<p>Para o Minist\u00e9rio P\u00fablico Federal (MPF), os recursos de caixa dois foram provenientes de negociatas acertadas quando Pimentel era ministro do Desenvolvimento, Ind\u00fastria e Com\u00e9rcio Exterior, entre 2011 e 2014. A den\u00fancia n\u00e3o descreve quais teriam sido as contrapartidas pelos valores repassados via caixa 2 de campanha.<\/p>\n<p>Outras cinco pessoas tamb\u00e9m foram denunciadas por participa\u00e7\u00e3o no esquema: Victor Nicolato, Henrique Bradley Tertuliano dos Santos, Jos\u00e9 Manuel Sim\u00f5es Gon\u00e7alves, Elon Gomes de Almeida e Peterson de Jesus Ferreira.<\/p>\n<p>O advogado Eug\u00eanio Pacelli, que representa Pimentel, disse que n\u00e3o teria \u201cnada a declarar\u201d, pois n\u00e3o anteciparia sua resposta \u00e0 acusa\u00e7\u00e3o. \u201cEla ir\u00e1 para os autos do processo\u201d, afirmou.<\/p>\n<p>A Ag\u00eancia Brasil tenta contato com os demais denunciados.<\/p>\n<p>&nbsp;<\/p>\n<p>Fonte: Ag\u00eancia Brasil<\/p>\n","protected":false},"excerpt":{"rendered":"<p>A Procuradoria-Geral da Rep\u00fablica (PGR) denunciou o governador de Minas Gerais, Fernando Pimentel (PT), por falsidade ideol\u00f3gica para fins eleitorais e oculta\u00e7\u00e3o de valores de caixa 2 na presta\u00e7\u00e3o de contas de sua campanha de 2014. A den\u00fancia foi oferecida em mar\u00e7o, mas teve o sigilo retirado somente agora pelo relator do caso do Superior [&hellip;]<\/p>\n","protected":false},"author":96,"featured_media":105303,"comment_status":"closed","ping_status":"closed","sticky":false,"template":"","format":"standard","meta":{"footnotes":""},"categories":[440,254],"tags":[],"class_list":["post-105302","post","type-post","status-publish","format-standard","has-post-thumbnail","hentry","category-destaques-do-dia","category-politica"],"_links":{"self":[{"href":"https:\/\/diarioregionaldigital.com.br\/index.php?rest_route=\/wp\/v2\/posts\/105302","targetHints":{"allow":["GET"]}}],"collection":[{"href":"https:\/\/diarioregionaldigital.com.br\/index.php?rest_route=\/wp\/v2\/posts"}],"about":[{"href":"https:\/\/diarioregionaldigital.com.br\/index.php?rest_route=\/wp\/v2\/types\/post"}],"author":[{"embeddable":true,"href":"https:\/\/diarioregionaldigital.com.br\/index.php?rest_route=\/wp\/v2\/users\/96"}],"replies":[{"embeddable":true,"href":"https:\/\/diarioregionaldigital.com.br\/index.php?rest_route=%2Fwp%2Fv2%2Fcomments&post=105302"}],"version-history":[{"count":0,"href":"https:\/\/diarioregionaldigital.com.br\/index.php?rest_route=\/wp\/v2\/posts\/105302\/revisions"}],"wp:featuredmedia":[{"embeddable":true,"href":"https:\/\/diarioregionaldigital.com.br\/index.php?rest_route=\/wp\/v2\/media\/105303"}],"wp:attachment":[{"href":"https:\/\/diarioregionaldigital.com.br\/index.php?rest_route=%2Fwp%2Fv2%2Fmedia&parent=105302"}],"wp:term":[{"taxonomy":"category","embeddable":true,"href":"https:\/\/diarioregionaldigital.com.br\/index.php?rest_route=%2Fwp%2Fv2%2Fcategories&post=105302"},{"taxonomy":"post_tag","embeddable":true,"href":"https:\/\/diarioregionaldigital.com.br\/index.php?rest_route=%2Fwp%2Fv2%2Ftags&post=105302"}],"curies":[{"name":"wp","href":"https:\/\/api.w.org\/{rel}","templated":true}]}}