{"id":105300,"date":"2018-05-23T12:02:00","date_gmt":"2018-05-23T15:02:00","guid":{"rendered":"http:\/\/diarioregionaljf.com.br\/?p=105300"},"modified":"2018-05-23T12:02:00","modified_gmt":"2018-05-23T15:02:00","slug":"previa-da-inflacao-oficial-fica-em-014-em-maio","status":"publish","type":"post","link":"https:\/\/diarioregionaldigital.com.br\/?p=105300","title":{"rendered":"Pr\u00e9via da infla\u00e7\u00e3o oficial fica em 0,14% em maio"},"content":{"rendered":"<p>O \u00cdndice Nacional de Pre\u00e7os ao Consumidor Amplo &#8211; 15 (IPCA-15), que calcula a pr\u00e9via da infla\u00e7\u00e3o oficial, registrou taxa de 0,14% em maio. O \u00edndice \u00e9 inferior \u00e0s pr\u00e9vias de abril deste ano (0,21%) e de maio de 2017 (0,24%).<\/p>\n<p>De acordo com o Instituto Brasileiro de Geografia e Estat\u00edstica (IBGE), o IPCA-15 acumula taxas de infla\u00e7\u00e3o de 1,23% no ano e de 2,7% em 12 meses.<\/p>\n<p>O principal impacto na pr\u00e9via da infla\u00e7\u00e3o de maio veio do grupo de despesas sa\u00fade e cuidados pessoais, que teve alta de pre\u00e7os de 0,76% no per\u00edodo. A press\u00e3o foi exercida pelos itens planos de sa\u00fade (1,06%) e rem\u00e9dios (1,04%).<\/p>\n<p>Outro grupo de despesas com impacto importante foi habita\u00e7\u00e3o, com taxa de infla\u00e7\u00e3o de 0,45% na pr\u00e9via de maio, puxada pela energia el\u00e9trica, que, com alta de pre\u00e7os de 2,18%, foi o item com maior reflexo individual no IPCA-15.<\/p>\n<p>Transportes, por outro lado, foi o grupo de despesas que mais ajudou a frear a infla\u00e7\u00e3o, com queda de pre\u00e7os de 0,35%, resultado influenciado pelo pre\u00e7o do etanol, que caiu 5,17%, e as passagens a\u00e9reas, que recuaram 14,94%.<\/p>\n<p>Os alimentos e bebidas tamb\u00e9m tiveram defla\u00e7\u00e3o (queda de pre\u00e7os), de 0,05%, assim como os artigos de resid\u00eancia (0,11%).<\/p>\n<p>&nbsp;<\/p>\n<p>Fonte: Ag\u00eancia Brasil<\/p>\n","protected":false},"excerpt":{"rendered":"<p>O \u00cdndice Nacional de Pre\u00e7os ao Consumidor Amplo &#8211; 15 (IPCA-15), que calcula a pr\u00e9via da infla\u00e7\u00e3o oficial, registrou taxa de 0,14% em maio. O \u00edndice \u00e9 inferior \u00e0s pr\u00e9vias de abril deste ano (0,21%) e de maio de 2017 (0,24%). De acordo com o Instituto Brasileiro de Geografia e Estat\u00edstica (IBGE), o IPCA-15 acumula [&hellip;]<\/p>\n","protected":false},"author":96,"featured_media":105072,"comment_status":"closed","ping_status":"closed","sticky":false,"template":"","format":"standard","meta":{"footnotes":""},"categories":[261,439],"tags":[],"class_list":["post-105300","post","type-post","status-publish","format-standard","has-post-thumbnail","hentry","category-economia","category-ultima-hora"],"_links":{"self":[{"href":"https:\/\/diarioregionaldigital.com.br\/index.php?rest_route=\/wp\/v2\/posts\/105300","targetHints":{"allow":["GET"]}}],"collection":[{"href":"https:\/\/diarioregionaldigital.com.br\/index.php?rest_route=\/wp\/v2\/posts"}],"about":[{"href":"https:\/\/diarioregionaldigital.com.br\/index.php?rest_route=\/wp\/v2\/types\/post"}],"author":[{"embeddable":true,"href":"https:\/\/diarioregionaldigital.com.br\/index.php?rest_route=\/wp\/v2\/users\/96"}],"replies":[{"embeddable":true,"href":"https:\/\/diarioregionaldigital.com.br\/index.php?rest_route=%2Fwp%2Fv2%2Fcomments&post=105300"}],"version-history":[{"count":0,"href":"https:\/\/diarioregionaldigital.com.br\/index.php?rest_route=\/wp\/v2\/posts\/105300\/revisions"}],"wp:featuredmedia":[{"embeddable":true,"href":"https:\/\/diarioregionaldigital.com.br\/index.php?rest_route=\/wp\/v2\/media\/105072"}],"wp:attachment":[{"href":"https:\/\/diarioregionaldigital.com.br\/index.php?rest_route=%2Fwp%2Fv2%2Fmedia&parent=105300"}],"wp:term":[{"taxonomy":"category","embeddable":true,"href":"https:\/\/diarioregionaldigital.com.br\/index.php?rest_route=%2Fwp%2Fv2%2Fcategories&post=105300"},{"taxonomy":"post_tag","embeddable":true,"href":"https:\/\/diarioregionaldigital.com.br\/index.php?rest_route=%2Fwp%2Fv2%2Ftags&post=105300"}],"curies":[{"name":"wp","href":"https:\/\/api.w.org\/{rel}","templated":true}]}}