{"id":105297,"date":"2018-05-23T11:50:33","date_gmt":"2018-05-23T14:50:33","guid":{"rendered":"http:\/\/diarioregionaljf.com.br\/?p=105297"},"modified":"2018-05-23T15:31:14","modified_gmt":"2018-05-23T18:31:14","slug":"fachin-autoriza-comissao-de-deputados-a-visitar-lula-na-prisao","status":"publish","type":"post","link":"https:\/\/diarioregionaldigital.com.br\/?p=105297","title":{"rendered":"Fachin autoriza comiss\u00e3o de deputados a visitar Lula na pris\u00e3o"},"content":{"rendered":"<p>O ministro Edson Fachin, do Supremo Tribunal Federal (STF), autorizou a inspe\u00e7\u00e3o de uma comiss\u00e3o de deputados federais \u00e0 carceragem da Superintend\u00eancia da Pol\u00edcia Federal em Curitiba, onde o ex-presidente Luiz In\u00e1cio Lula da Silva est\u00e1 preso desde o dia 7 de abril. O ex-presidente foi condenado a 12 anos e um m\u00eas de pris\u00e3o pelos crimes de lavagem de dinheiro e corrup\u00e7\u00e3o por vantagem indevida que, no caso, foi um apartamento tr\u00edplex em Guaruj\u00e1 (SP).<\/p>\n<p>A autoriza\u00e7\u00e3o havia sido negada duas vezes pela ju\u00edza Carolina Moura Lebbos, da 12\u00aa Vara Federal de Curitiba e respons\u00e1vel por supervisionar a execu\u00e7\u00e3o da pena de 12 anos e um m\u00eas de pris\u00e3o \u00e0 qual Lula foi condenado. Ela disse n\u00e3o haver \u201cnecessidade\u201d da visita, pois uma outra comitiva do Senado j\u00e1 havia inspecionado o local, em 17 de abril.<\/p>\n<p>Ap\u00f3s a negativa, o presidente da C\u00e2mara, Rodrigo Maia (DEM-RJ), entrou no STF com uma a\u00e7\u00e3o de descumprimento de preceito fundamental (ADPF), alegando que a ju\u00edza violou o princ\u00edpio de separa\u00e7\u00e3o de Poderes, pois a Constitui\u00e7\u00e3o, a lei e o regimento interno da Casa conferem aos deputados o direito de fiscaliza\u00e7\u00e3o e acesso a qualquer \u00f3rg\u00e3o p\u00fablico.<\/p>\n<p>A procuradora-geral da Rep\u00fablica, Raquel Dodge, se manifestou contra o pedido, alegando que n\u00e3o poderia ter sido feito via ADPF. Fachin, por\u00e9m, acolheu os argumentos de Maia e autorizou a visita da comitiva, composta por 12 deputados dos partidos PT, PSB, Psol, PC do B e PDT.<\/p>\n<p>\u201cDetermino, para tanto, que o Ju\u00edzo da 12\u00aa Vara Federal da Subse\u00e7\u00e3o Judici\u00e1ria de Curitiba\/PR, em comum acordo com a Coordena\u00e7\u00e3o da aludida Comiss\u00e3o, fixe dia, hora e demais condi\u00e7\u00f5es, inclusive de seguran\u00e7a, que reputar adequadas ao implemento da medida\u201d, escreveu Fachin.<\/p>\n<p>&nbsp;<\/p>\n<p>Fonte: Ag\u00eancia Brasil<\/p>\n","protected":false},"excerpt":{"rendered":"<p>O ministro Edson Fachin, do Supremo Tribunal Federal (STF), autorizou a inspe\u00e7\u00e3o de uma comiss\u00e3o de deputados federais \u00e0 carceragem da Superintend\u00eancia da Pol\u00edcia Federal em Curitiba, onde o ex-presidente Luiz In\u00e1cio Lula da Silva est\u00e1 preso desde o dia 7 de abril. O ex-presidente foi condenado a 12 anos e um m\u00eas de pris\u00e3o [&hellip;]<\/p>\n","protected":false},"author":96,"featured_media":105298,"comment_status":"closed","ping_status":"closed","sticky":false,"template":"","format":"standard","meta":{"footnotes":""},"categories":[254],"tags":[],"class_list":["post-105297","post","type-post","status-publish","format-standard","has-post-thumbnail","hentry","category-politica"],"_links":{"self":[{"href":"https:\/\/diarioregionaldigital.com.br\/index.php?rest_route=\/wp\/v2\/posts\/105297","targetHints":{"allow":["GET"]}}],"collection":[{"href":"https:\/\/diarioregionaldigital.com.br\/index.php?rest_route=\/wp\/v2\/posts"}],"about":[{"href":"https:\/\/diarioregionaldigital.com.br\/index.php?rest_route=\/wp\/v2\/types\/post"}],"author":[{"embeddable":true,"href":"https:\/\/diarioregionaldigital.com.br\/index.php?rest_route=\/wp\/v2\/users\/96"}],"replies":[{"embeddable":true,"href":"https:\/\/diarioregionaldigital.com.br\/index.php?rest_route=%2Fwp%2Fv2%2Fcomments&post=105297"}],"version-history":[{"count":0,"href":"https:\/\/diarioregionaldigital.com.br\/index.php?rest_route=\/wp\/v2\/posts\/105297\/revisions"}],"wp:featuredmedia":[{"embeddable":true,"href":"https:\/\/diarioregionaldigital.com.br\/index.php?rest_route=\/wp\/v2\/media\/105298"}],"wp:attachment":[{"href":"https:\/\/diarioregionaldigital.com.br\/index.php?rest_route=%2Fwp%2Fv2%2Fmedia&parent=105297"}],"wp:term":[{"taxonomy":"category","embeddable":true,"href":"https:\/\/diarioregionaldigital.com.br\/index.php?rest_route=%2Fwp%2Fv2%2Fcategories&post=105297"},{"taxonomy":"post_tag","embeddable":true,"href":"https:\/\/diarioregionaldigital.com.br\/index.php?rest_route=%2Fwp%2Fv2%2Ftags&post=105297"}],"curies":[{"name":"wp","href":"https:\/\/api.w.org\/{rel}","templated":true}]}}