{"id":105294,"date":"2018-05-23T09:57:52","date_gmt":"2018-05-23T12:57:52","guid":{"rendered":"http:\/\/diarioregionaljf.com.br\/?p=105294"},"modified":"2018-05-23T15:32:08","modified_gmt":"2018-05-23T18:32:08","slug":"greve-dos-caminhoneiros-faz-correios-suspenderem-envio-de-sedex","status":"publish","type":"post","link":"https:\/\/diarioregionaldigital.com.br\/?p=105294","title":{"rendered":"Greve dos caminhoneiros faz Correios suspenderem envio de Sedex"},"content":{"rendered":"<p>A paralisa\u00e7\u00e3o dos caminhoneiros em mais de 20 estados atinge at\u00e9 as postagens nos Correios. A Empresa Brasileira de Correios e Tel\u00e9grafos suspendeu temporariamente as postagens das encomendas com dia e hora marcados (Sedex 10, 12 e Hoje). Em comunicado, os Correios informaram que a paralisa\u00e7\u00e3o tamb\u00e9m tem gerado &#8220;forte impacto&#8221; e atrasos nas opera\u00e7\u00f5es da empresa em todo o pa\u00eds.<\/p>\n<p>&#8220;Tendo em vista comprometer a distribui\u00e7\u00e3o, tamb\u00e9m haver\u00e1 o acr\u00e9scimo de dias no prazo de entrega dos servi\u00e7os Sedex e PAC [entrega n\u00e3o expressa], bem como das correspond\u00eancias enquanto perdurarem os efeitos desta greve&#8221;, diz o texto.<\/p>\n<p>No mesmo documento, os Correios informam que \u201ctoda a log\u00edstica brasileira\u201d sofre preju\u00edzos em decorr\u00eancia da paralisa\u00e7\u00e3o dos caminhoneiros, iniciada segunda-feira, 21.<\/p>\n<p>A opera\u00e7\u00e3o dos Correios envolve mais de 25 mil ve\u00edculos, 1.500 linhas terrestres e 11 linhas a\u00e9reas de norte a sul do pa\u00eds. A empresa entrega mensalmente cerca de meio bilh\u00e3o de objetos postais, entre eles 25 milh\u00f5es de encomendas.<\/p>\n<p>&#8220;Os Correios est\u00e3o acompanhando os \u00edndices operacionais de qualidade de toda essa cadeia log\u00edstica e, t\u00e3o logo a situa\u00e7\u00e3o do tr\u00e1fego nas rodovias retorne \u00e0 normalidade, a empresa refor\u00e7ar\u00e1 os processos operacionais para minimizar os impactos \u00e0 popula\u00e7\u00e3o&#8221;, acrescenta a nota.<\/p>\n<p>Caminhoneiros voltaram a bloquear rodovias pelo pa\u00eds nesta quarta-feira, 23, pelo terceiro dia seguido, contra o aumento no pre\u00e7o dos combust\u00edveis.<\/p>\n<p>&nbsp;<\/p>\n<p>Fonte: Ag\u00eancia Brasil<\/p>\n","protected":false},"excerpt":{"rendered":"<p>A paralisa\u00e7\u00e3o dos caminhoneiros em mais de 20 estados atinge at\u00e9 as postagens nos Correios. A Empresa Brasileira de Correios e Tel\u00e9grafos suspendeu temporariamente as postagens das encomendas com dia e hora marcados (Sedex 10, 12 e Hoje). Em comunicado, os Correios informaram que a paralisa\u00e7\u00e3o tamb\u00e9m tem gerado &#8220;forte impacto&#8221; e atrasos nas opera\u00e7\u00f5es [&hellip;]<\/p>\n","protected":false},"author":96,"featured_media":105295,"comment_status":"closed","ping_status":"closed","sticky":false,"template":"","format":"standard","meta":{"footnotes":""},"categories":[302,436,440],"tags":[],"class_list":["post-105294","post","type-post","status-publish","format-standard","has-post-thumbnail","hentry","category-brasil-mundo","category-destaque-da-semana","category-destaques-do-dia"],"_links":{"self":[{"href":"https:\/\/diarioregionaldigital.com.br\/index.php?rest_route=\/wp\/v2\/posts\/105294","targetHints":{"allow":["GET"]}}],"collection":[{"href":"https:\/\/diarioregionaldigital.com.br\/index.php?rest_route=\/wp\/v2\/posts"}],"about":[{"href":"https:\/\/diarioregionaldigital.com.br\/index.php?rest_route=\/wp\/v2\/types\/post"}],"author":[{"embeddable":true,"href":"https:\/\/diarioregionaldigital.com.br\/index.php?rest_route=\/wp\/v2\/users\/96"}],"replies":[{"embeddable":true,"href":"https:\/\/diarioregionaldigital.com.br\/index.php?rest_route=%2Fwp%2Fv2%2Fcomments&post=105294"}],"version-history":[{"count":0,"href":"https:\/\/diarioregionaldigital.com.br\/index.php?rest_route=\/wp\/v2\/posts\/105294\/revisions"}],"wp:featuredmedia":[{"embeddable":true,"href":"https:\/\/diarioregionaldigital.com.br\/index.php?rest_route=\/wp\/v2\/media\/105295"}],"wp:attachment":[{"href":"https:\/\/diarioregionaldigital.com.br\/index.php?rest_route=%2Fwp%2Fv2%2Fmedia&parent=105294"}],"wp:term":[{"taxonomy":"category","embeddable":true,"href":"https:\/\/diarioregionaldigital.com.br\/index.php?rest_route=%2Fwp%2Fv2%2Fcategories&post=105294"},{"taxonomy":"post_tag","embeddable":true,"href":"https:\/\/diarioregionaldigital.com.br\/index.php?rest_route=%2Fwp%2Fv2%2Ftags&post=105294"}],"curies":[{"name":"wp","href":"https:\/\/api.w.org\/{rel}","templated":true}]}}