{"id":105291,"date":"2018-05-23T09:20:45","date_gmt":"2018-05-23T12:20:45","guid":{"rendered":"http:\/\/diarioregionaljf.com.br\/?p=105291"},"modified":"2018-05-23T09:20:45","modified_gmt":"2018-05-23T12:20:45","slug":"jovem-fica-ferida-em-colisao-entre-duas-motos-na-br-356","status":"publish","type":"post","link":"https:\/\/diarioregionaldigital.com.br\/?p=105291","title":{"rendered":"Jovem fica ferida em colis\u00e3o entre duas motos na BR-356"},"content":{"rendered":"<p>Uma jovem ficou ferida em uma colis\u00e3o entre duas motocicletas ocorrida no per\u00edmetro urbano da BR-356, no chamado \u201cTrevo da G\u00e1vea\u201d, na regi\u00e3o central de Muria\u00e9 (a cerca de 158Km de JF), no in\u00edcio da noite dessa ter\u00e7a-feira, 22. Ela estava sozinha em uma das motos e foi socorrida pelo Corpo de Bombeiros e SAMU, sendo levada ao Hospital S\u00e3o Paulo (HSP). O condutor da outra motocicleta envolvida fugiu do local com o ve\u00edculo.<\/p>\n<p>Populares ampararam a v\u00edtima at\u00e9 a chegada das equipes de socorro. Segundo informa\u00e7\u00f5es do Corpo de Bombeiros, a jovem apresentava escoria\u00e7\u00f5es nos bra\u00e7os e queixava-se de dores nos ombros.<\/p>\n<p>De acordo com a Pol\u00edcia Rodovi\u00e1ria Federal (PRF), que assumiu o registro da ocorr\u00eancia, no momento do acidente a motociclista atravessava a pista em dire\u00e7\u00e3o a G\u00e1vea e a outro moto envolvida seguia pela rodovia sentido Posto-Barra.<\/p>\n<p>Testemunhas afirmaram ter anotado a placa da segunda motocicleta, mas n\u00e3o h\u00e1 confirma\u00e7\u00e3o se o condutor que fugiu foi localizado.<\/p>\n<p>&nbsp;<\/p>\n<p>Fonte: R\u00e1dio Muria\u00e9<\/p>\n","protected":false},"excerpt":{"rendered":"<p>Uma jovem ficou ferida em uma colis\u00e3o entre duas motocicletas ocorrida no per\u00edmetro urbano da BR-356, no chamado \u201cTrevo da G\u00e1vea\u201d, na regi\u00e3o central de Muria\u00e9 (a cerca de 158Km de JF), no in\u00edcio da noite dessa ter\u00e7a-feira, 22. Ela estava sozinha em uma das motos e foi socorrida pelo Corpo de Bombeiros e SAMU, [&hellip;]<\/p>\n","protected":false},"author":96,"featured_media":105292,"comment_status":"closed","ping_status":"closed","sticky":false,"template":"","format":"standard","meta":{"footnotes":""},"categories":[252,439],"tags":[],"class_list":["post-105291","post","type-post","status-publish","format-standard","has-post-thumbnail","hentry","category-regiao","category-ultima-hora"],"_links":{"self":[{"href":"https:\/\/diarioregionaldigital.com.br\/index.php?rest_route=\/wp\/v2\/posts\/105291","targetHints":{"allow":["GET"]}}],"collection":[{"href":"https:\/\/diarioregionaldigital.com.br\/index.php?rest_route=\/wp\/v2\/posts"}],"about":[{"href":"https:\/\/diarioregionaldigital.com.br\/index.php?rest_route=\/wp\/v2\/types\/post"}],"author":[{"embeddable":true,"href":"https:\/\/diarioregionaldigital.com.br\/index.php?rest_route=\/wp\/v2\/users\/96"}],"replies":[{"embeddable":true,"href":"https:\/\/diarioregionaldigital.com.br\/index.php?rest_route=%2Fwp%2Fv2%2Fcomments&post=105291"}],"version-history":[{"count":0,"href":"https:\/\/diarioregionaldigital.com.br\/index.php?rest_route=\/wp\/v2\/posts\/105291\/revisions"}],"wp:featuredmedia":[{"embeddable":true,"href":"https:\/\/diarioregionaldigital.com.br\/index.php?rest_route=\/wp\/v2\/media\/105292"}],"wp:attachment":[{"href":"https:\/\/diarioregionaldigital.com.br\/index.php?rest_route=%2Fwp%2Fv2%2Fmedia&parent=105291"}],"wp:term":[{"taxonomy":"category","embeddable":true,"href":"https:\/\/diarioregionaldigital.com.br\/index.php?rest_route=%2Fwp%2Fv2%2Fcategories&post=105291"},{"taxonomy":"post_tag","embeddable":true,"href":"https:\/\/diarioregionaldigital.com.br\/index.php?rest_route=%2Fwp%2Fv2%2Ftags&post=105291"}],"curies":[{"name":"wp","href":"https:\/\/api.w.org\/{rel}","templated":true}]}}