{"id":105289,"date":"2018-05-23T09:10:07","date_gmt":"2018-05-23T12:10:07","guid":{"rendered":"http:\/\/diarioregionaljf.com.br\/?p=105289"},"modified":"2018-05-23T09:10:07","modified_gmt":"2018-05-23T12:10:07","slug":"lei-municipal-veta-recebimento-de-incentivos-fiscais-por-empresas-envolvidas-em-corrupcao","status":"publish","type":"post","link":"https:\/\/diarioregionaldigital.com.br\/?p=105289","title":{"rendered":"Lei municipal veta recebimento de incentivos fiscais por empresas envolvidas em corrup\u00e7\u00e3o"},"content":{"rendered":"<p>A <a href=\"https:\/\/www.pjf.mg.gov.br\/e_atos\/e_atos_vis.php?id=61463\" target=\"_blank\" rel=\"noopener\">Lei Municipal N\u00ba 13.705<\/a>, publicada no <a href=\"https:\/\/www.pjf.mg.gov.br\/e_atos\/e_atos.php\" target=\"_blank\" rel=\"noopener\">Di\u00e1rio Oficial do Munic\u00edpio<\/a> dessa ter\u00e7a-feira, 22, pro\u00edbe o recebimento de incentivos fiscais por empresas que tenham envolvimento comprovado em corrup\u00e7\u00e3o ou ato de improbidade administrativa. O texto \u00e9 substitutivo ao Projeto de Lei n\u00ba 241\/2017, de autoria da vereadora Ana Rossignoli (Ana do Padre Frederico &#8211; PMDB).<\/p>\n<p>De acordo com a lei, a proibi\u00e7\u00e3o pode ser suspensa caso as empresas envolvidas nos referidos crimes celebrem acordos de leni\u00eancia e cumpram as san\u00e7\u00f5es previstas na Lei Federal n\u00ba 12.846.<\/p>\n","protected":false},"excerpt":{"rendered":"<p>A Lei Municipal N\u00ba 13.705, publicada no Di\u00e1rio Oficial do Munic\u00edpio dessa ter\u00e7a-feira, 22, pro\u00edbe o recebimento de incentivos fiscais por empresas que tenham envolvimento comprovado em corrup\u00e7\u00e3o ou ato de improbidade administrativa. O texto \u00e9 substitutivo ao Projeto de Lei n\u00ba 241\/2017, de autoria da vereadora Ana Rossignoli (Ana do Padre Frederico &#8211; PMDB). [&hellip;]<\/p>\n","protected":false},"author":96,"featured_media":97343,"comment_status":"closed","ping_status":"closed","sticky":false,"template":"","format":"standard","meta":{"footnotes":""},"categories":[254,439],"tags":[],"class_list":["post-105289","post","type-post","status-publish","format-standard","has-post-thumbnail","hentry","category-politica","category-ultima-hora"],"_links":{"self":[{"href":"https:\/\/diarioregionaldigital.com.br\/index.php?rest_route=\/wp\/v2\/posts\/105289","targetHints":{"allow":["GET"]}}],"collection":[{"href":"https:\/\/diarioregionaldigital.com.br\/index.php?rest_route=\/wp\/v2\/posts"}],"about":[{"href":"https:\/\/diarioregionaldigital.com.br\/index.php?rest_route=\/wp\/v2\/types\/post"}],"author":[{"embeddable":true,"href":"https:\/\/diarioregionaldigital.com.br\/index.php?rest_route=\/wp\/v2\/users\/96"}],"replies":[{"embeddable":true,"href":"https:\/\/diarioregionaldigital.com.br\/index.php?rest_route=%2Fwp%2Fv2%2Fcomments&post=105289"}],"version-history":[{"count":0,"href":"https:\/\/diarioregionaldigital.com.br\/index.php?rest_route=\/wp\/v2\/posts\/105289\/revisions"}],"wp:featuredmedia":[{"embeddable":true,"href":"https:\/\/diarioregionaldigital.com.br\/index.php?rest_route=\/wp\/v2\/media\/97343"}],"wp:attachment":[{"href":"https:\/\/diarioregionaldigital.com.br\/index.php?rest_route=%2Fwp%2Fv2%2Fmedia&parent=105289"}],"wp:term":[{"taxonomy":"category","embeddable":true,"href":"https:\/\/diarioregionaldigital.com.br\/index.php?rest_route=%2Fwp%2Fv2%2Fcategories&post=105289"},{"taxonomy":"post_tag","embeddable":true,"href":"https:\/\/diarioregionaldigital.com.br\/index.php?rest_route=%2Fwp%2Fv2%2Ftags&post=105289"}],"curies":[{"name":"wp","href":"https:\/\/api.w.org\/{rel}","templated":true}]}}