{"id":105287,"date":"2018-05-23T08:36:46","date_gmt":"2018-05-23T11:36:46","guid":{"rendered":"http:\/\/diarioregionaljf.com.br\/?p=105287"},"modified":"2018-05-23T08:36:46","modified_gmt":"2018-05-23T11:36:46","slug":"idoso-e-agredido-durante-assalto-a-bar-na-zona-rural-de-jf","status":"publish","type":"post","link":"https:\/\/diarioregionaldigital.com.br\/?p=105287","title":{"rendered":"Idoso \u00e9 agredido durante assalto \u00e0 bar na zona rural de JF"},"content":{"rendered":"<p>Um homem de 70 anos foi agredido por dois indiv\u00edduos durante assalto a um bar em Pirapetinga, zona rural de Juiz de Fora, na madrugada desta quarta-feira, 23. O idoso sofreu algumas les\u00f5es e precisou receber atendimento m\u00e9dico.<\/p>\n<p>A v\u00edtima relatou \u00e0 Pol\u00edcia Militar (PM) que estava em seu estabelecimento quando foi rendida pela dupla. Ap\u00f3s agredirem o idoso, os autores roubaram R$2 mil do caixa do bar e fugiram.<\/p>\n<p>A v\u00edtima se deslocou para o Hospital de Pronto Socorro (HPS) para ser medicada.<\/p>\n<p>&nbsp;<\/p>\n<p><span style=\"font-size: 12pt;\"><strong>OUTRAS OCORR\u00caNCIAS<\/strong><\/span><\/p>\n<p>Outros tr\u00eas assaltos foram registrados pela PM na madrugada desta quarta-feira, 23. No bairro Benfica, zona Norte, um homem de 41 anos foi assaltado por dois indiv\u00edduos, um deles armado com um rev\u00f3lver, quando sa\u00eda de uma unidade de sa\u00fade. Ap\u00f3s amea\u00e7arem a v\u00edtima, os autores roubaram a quantia de R$100 e um celular, fugindo em seguida, sentido \u00e0 linha f\u00e9rrea.<\/p>\n<p>J\u00e1 na regi\u00e3o central, no bairro S\u00e3o Mateus, o porteiro de um edif\u00edcio localizado na Avenida Presidente Itamar Franco teve o celular, cart\u00f5es de cr\u00e9dito e documentos roubados.<\/p>\n<p>Segundo o registro da ocorr\u00eancia, a v\u00edtima estava trabalhando quando foi abordada por um indiv\u00edduo que estava do lado de fora do pr\u00e9dio. Ao abrir a porta, o porteiro foi rendido pelo autor, que estava armado com um canivete. Depois de roubar os pertences da v\u00edtima, o assaltante fugiu em rumo ignorado.<\/p>\n<p>Tamb\u00e9m na regi\u00e3o central, dois jovens, de 23 e 28 anos, foram presos ap\u00f3s assaltar um rapaz de 21. A v\u00edtima relatou que transitava pela Avenida Get\u00falio Vargas quando foi abordada pelos autores, que, usando de for\u00e7a f\u00edsica, roubaram seu celular. A dupla detida foi conduzida a delegacia e o telefone subtra\u00eddo foi recuperado.<\/p>\n","protected":false},"excerpt":{"rendered":"<p>Um homem de 70 anos foi agredido por dois indiv\u00edduos durante assalto a um bar em Pirapetinga, zona rural de Juiz de Fora, na madrugada desta quarta-feira, 23. O idoso sofreu algumas les\u00f5es e precisou receber atendimento m\u00e9dico. A v\u00edtima relatou \u00e0 Pol\u00edcia Militar (PM) que estava em seu estabelecimento quando foi rendida pela dupla. [&hellip;]<\/p>\n","protected":false},"author":96,"featured_media":95836,"comment_status":"closed","ping_status":"closed","sticky":false,"template":"","format":"standard","meta":{"footnotes":""},"categories":[301,439],"tags":[],"class_list":["post-105287","post","type-post","status-publish","format-standard","has-post-thumbnail","hentry","category-artigos-policiais","category-ultima-hora"],"_links":{"self":[{"href":"https:\/\/diarioregionaldigital.com.br\/index.php?rest_route=\/wp\/v2\/posts\/105287","targetHints":{"allow":["GET"]}}],"collection":[{"href":"https:\/\/diarioregionaldigital.com.br\/index.php?rest_route=\/wp\/v2\/posts"}],"about":[{"href":"https:\/\/diarioregionaldigital.com.br\/index.php?rest_route=\/wp\/v2\/types\/post"}],"author":[{"embeddable":true,"href":"https:\/\/diarioregionaldigital.com.br\/index.php?rest_route=\/wp\/v2\/users\/96"}],"replies":[{"embeddable":true,"href":"https:\/\/diarioregionaldigital.com.br\/index.php?rest_route=%2Fwp%2Fv2%2Fcomments&post=105287"}],"version-history":[{"count":0,"href":"https:\/\/diarioregionaldigital.com.br\/index.php?rest_route=\/wp\/v2\/posts\/105287\/revisions"}],"wp:featuredmedia":[{"embeddable":true,"href":"https:\/\/diarioregionaldigital.com.br\/index.php?rest_route=\/wp\/v2\/media\/95836"}],"wp:attachment":[{"href":"https:\/\/diarioregionaldigital.com.br\/index.php?rest_route=%2Fwp%2Fv2%2Fmedia&parent=105287"}],"wp:term":[{"taxonomy":"category","embeddable":true,"href":"https:\/\/diarioregionaldigital.com.br\/index.php?rest_route=%2Fwp%2Fv2%2Fcategories&post=105287"},{"taxonomy":"post_tag","embeddable":true,"href":"https:\/\/diarioregionaldigital.com.br\/index.php?rest_route=%2Fwp%2Fv2%2Ftags&post=105287"}],"curies":[{"name":"wp","href":"https:\/\/api.w.org\/{rel}","templated":true}]}}