{"id":105285,"date":"2018-05-23T08:08:16","date_gmt":"2018-05-23T11:08:16","guid":{"rendered":"http:\/\/diarioregionaljf.com.br\/?p=105285"},"modified":"2018-05-23T08:08:16","modified_gmt":"2018-05-23T11:08:16","slug":"pm-apreende-revolver-e-municoes-em-casa-abandonada-no-vila-esperanca","status":"publish","type":"post","link":"https:\/\/diarioregionaldigital.com.br\/?p=105285","title":{"rendered":"PM apreende rev\u00f3lver e muni\u00e7\u00f5es em casa abandonada no Vila Esperan\u00e7a"},"content":{"rendered":"<p>A Pol\u00edcia Militar (PM) apreendeu um rev\u00f3lver calibre .32 e seis muni\u00e7\u00f5es em uma casa abandonada na Rua Man\u00e9 Garrincha, no bairro Vila Esperan\u00e7a, zona Norte, na noite dessa ter\u00e7a-feira, 22.<\/p>\n<p>Conforme o Boletim de Ocorr\u00eancia (BO), militares faziam patrulhamento pelo local quando avistaram um indiv\u00edduo em frente ao im\u00f3vel. Ao perceber a aproxima\u00e7\u00e3o dos policiais, o homem fugiu.<\/p>\n<p>Em buscas no interior da casa, os policiais localizaram a arma, que estava com a numera\u00e7\u00e3o raspada e os seis cartuchos. O material foi apreendido e encaminhado a delegacia.<\/p>\n","protected":false},"excerpt":{"rendered":"<p>A Pol\u00edcia Militar (PM) apreendeu um rev\u00f3lver calibre .32 e seis muni\u00e7\u00f5es em uma casa abandonada na Rua Man\u00e9 Garrincha, no bairro Vila Esperan\u00e7a, zona Norte, na noite dessa ter\u00e7a-feira, 22. Conforme o Boletim de Ocorr\u00eancia (BO), militares faziam patrulhamento pelo local quando avistaram um indiv\u00edduo em frente ao im\u00f3vel. Ao perceber a aproxima\u00e7\u00e3o dos [&hellip;]<\/p>\n","protected":false},"author":96,"featured_media":97342,"comment_status":"closed","ping_status":"closed","sticky":false,"template":"","format":"standard","meta":{"footnotes":""},"categories":[301,439],"tags":[],"class_list":["post-105285","post","type-post","status-publish","format-standard","has-post-thumbnail","hentry","category-artigos-policiais","category-ultima-hora"],"_links":{"self":[{"href":"https:\/\/diarioregionaldigital.com.br\/index.php?rest_route=\/wp\/v2\/posts\/105285","targetHints":{"allow":["GET"]}}],"collection":[{"href":"https:\/\/diarioregionaldigital.com.br\/index.php?rest_route=\/wp\/v2\/posts"}],"about":[{"href":"https:\/\/diarioregionaldigital.com.br\/index.php?rest_route=\/wp\/v2\/types\/post"}],"author":[{"embeddable":true,"href":"https:\/\/diarioregionaldigital.com.br\/index.php?rest_route=\/wp\/v2\/users\/96"}],"replies":[{"embeddable":true,"href":"https:\/\/diarioregionaldigital.com.br\/index.php?rest_route=%2Fwp%2Fv2%2Fcomments&post=105285"}],"version-history":[{"count":0,"href":"https:\/\/diarioregionaldigital.com.br\/index.php?rest_route=\/wp\/v2\/posts\/105285\/revisions"}],"wp:featuredmedia":[{"embeddable":true,"href":"https:\/\/diarioregionaldigital.com.br\/index.php?rest_route=\/wp\/v2\/media\/97342"}],"wp:attachment":[{"href":"https:\/\/diarioregionaldigital.com.br\/index.php?rest_route=%2Fwp%2Fv2%2Fmedia&parent=105285"}],"wp:term":[{"taxonomy":"category","embeddable":true,"href":"https:\/\/diarioregionaldigital.com.br\/index.php?rest_route=%2Fwp%2Fv2%2Fcategories&post=105285"},{"taxonomy":"post_tag","embeddable":true,"href":"https:\/\/diarioregionaldigital.com.br\/index.php?rest_route=%2Fwp%2Fv2%2Ftags&post=105285"}],"curies":[{"name":"wp","href":"https:\/\/api.w.org\/{rel}","templated":true}]}}