{"id":105283,"date":"2018-05-23T07:48:14","date_gmt":"2018-05-23T10:48:14","guid":{"rendered":"http:\/\/diarioregionaljf.com.br\/?p=105283"},"modified":"2018-05-23T07:48:14","modified_gmt":"2018-05-23T10:48:14","slug":"adolescentes-sao-detidos-por-trafico-de-drogas-no-bela-aurora","status":"publish","type":"post","link":"https:\/\/diarioregionaldigital.com.br\/?p=105283","title":{"rendered":"Adolescentes s\u00e3o detidos por tr\u00e1fico de drogas no Bela Aurora"},"content":{"rendered":"<p>Dois irm\u00e3os, um adolescente de 17 anos e uma menina de 14, foram detidos por tr\u00e1fico de drogas no bairro Bela Aurora, zona Sul da cidade, no in\u00edcio da madrugada desta quarta-feira, 23.<\/p>\n<p>De acordo com a Pol\u00edcia Militar (PM), os adolescentes foram abordados durante patrulhamento. Na resid\u00eancia dos menores foram apreendidos um rev\u00f3lver e cinco muni\u00e7\u00f5es calibre .38, 48 buchas de maconha, 14 muni\u00e7\u00f5es calibre .22, material para embalo de drogas e um celular.<\/p>\n<p>Os menores foram detidos e conduzidos a delegacia, juntamente com o material apreendido.<\/p>\n","protected":false},"excerpt":{"rendered":"<p>Dois irm\u00e3os, um adolescente de 17 anos e uma menina de 14, foram detidos por tr\u00e1fico de drogas no bairro Bela Aurora, zona Sul da cidade, no in\u00edcio da madrugada desta quarta-feira, 23. De acordo com a Pol\u00edcia Militar (PM), os adolescentes foram abordados durante patrulhamento. Na resid\u00eancia dos menores foram apreendidos um rev\u00f3lver e [&hellip;]<\/p>\n","protected":false},"author":96,"featured_media":97342,"comment_status":"closed","ping_status":"closed","sticky":false,"template":"","format":"standard","meta":{"footnotes":""},"categories":[301,439],"tags":[],"class_list":["post-105283","post","type-post","status-publish","format-standard","has-post-thumbnail","hentry","category-artigos-policiais","category-ultima-hora"],"_links":{"self":[{"href":"https:\/\/diarioregionaldigital.com.br\/index.php?rest_route=\/wp\/v2\/posts\/105283","targetHints":{"allow":["GET"]}}],"collection":[{"href":"https:\/\/diarioregionaldigital.com.br\/index.php?rest_route=\/wp\/v2\/posts"}],"about":[{"href":"https:\/\/diarioregionaldigital.com.br\/index.php?rest_route=\/wp\/v2\/types\/post"}],"author":[{"embeddable":true,"href":"https:\/\/diarioregionaldigital.com.br\/index.php?rest_route=\/wp\/v2\/users\/96"}],"replies":[{"embeddable":true,"href":"https:\/\/diarioregionaldigital.com.br\/index.php?rest_route=%2Fwp%2Fv2%2Fcomments&post=105283"}],"version-history":[{"count":0,"href":"https:\/\/diarioregionaldigital.com.br\/index.php?rest_route=\/wp\/v2\/posts\/105283\/revisions"}],"wp:featuredmedia":[{"embeddable":true,"href":"https:\/\/diarioregionaldigital.com.br\/index.php?rest_route=\/wp\/v2\/media\/97342"}],"wp:attachment":[{"href":"https:\/\/diarioregionaldigital.com.br\/index.php?rest_route=%2Fwp%2Fv2%2Fmedia&parent=105283"}],"wp:term":[{"taxonomy":"category","embeddable":true,"href":"https:\/\/diarioregionaldigital.com.br\/index.php?rest_route=%2Fwp%2Fv2%2Fcategories&post=105283"},{"taxonomy":"post_tag","embeddable":true,"href":"https:\/\/diarioregionaldigital.com.br\/index.php?rest_route=%2Fwp%2Fv2%2Ftags&post=105283"}],"curies":[{"name":"wp","href":"https:\/\/api.w.org\/{rel}","templated":true}]}}