{"id":105152,"date":"2018-05-23T06:00:55","date_gmt":"2018-05-23T09:00:55","guid":{"rendered":"http:\/\/diarioregionaljf.com.br\/?p=105152"},"modified":"2018-05-22T20:39:47","modified_gmt":"2018-05-22T23:39:47","slug":"falta-de-capina-incomoda-moradores-do-bairro-ceramica","status":"publish","type":"post","link":"https:\/\/diarioregionaldigital.com.br\/?p=105152","title":{"rendered":"Falta de capina incomoda moradores do bairro Cer\u00e2mica"},"content":{"rendered":"<p>O mato alto no trecho da Avenida Santa C\u00e2ndida, pr\u00f3ximo \u00e0 esquina com a Rua Olavo Bilac, vem incomodando os moradores do bairro Cer\u00e2mica, zona Norte da cidade. Conforme os relatos, com a falta de capina, o mato tomou conta da cal\u00e7ada, fazendo com que os pedestres transitem pela pista de rolamento, aumentando os riscos de acidentes.<\/p>\n<p>\u201cMoro h\u00e1 v\u00e1rios anos no local e a situa\u00e7\u00e3o tem piorado nos \u00faltimos anos. As cal\u00e7adas est\u00e3o abandonadas, com mato alto. \u00c9 um perigo para o pedestre que precisa passar no trecho. A \u00fanica op\u00e7\u00e3o \u00e9 andar na pista de rolamento e os riscos de ser atropelado por um ve\u00edculo s\u00e3o grandes\u201d, disse uma moradora, que preferiu n\u00e3o se identificar.<\/p>\n<p>Segundo ela, cobras e ratos surgem com facilidade na regi\u00e3o por conta do mato alto. \u201cOs moradores s\u00f3 est\u00e3o passando ali pela manh\u00e3, mesmo assim, com muito medo. Durante a noite, ningu\u00e9m se arrisca, pois o risco de ser picado por uma cobra \u00e9 evidente\u201d, refor\u00e7ou.<\/p>\n<div id=\"attachment_105238\" style=\"width: 2602px\" class=\"wp-caption alignnone\"><img loading=\"lazy\" decoding=\"async\" aria-describedby=\"caption-attachment-105238\" class=\"size-full wp-image-105238\" src=\"http:\/\/diarioregionaljf.com.br\/wp-content\/uploads\/2018\/05\/mato.jpg\" alt=\"\" width=\"2592\" height=\"1728\" srcset=\"https:\/\/diarioregionaldigital.com.br\/wp-content\/uploads\/2018\/05\/mato.jpg 2592w, https:\/\/diarioregionaldigital.com.br\/wp-content\/uploads\/2018\/05\/mato-300x200.jpg 300w, https:\/\/diarioregionaldigital.com.br\/wp-content\/uploads\/2018\/05\/mato-768x512.jpg 768w, https:\/\/diarioregionaldigital.com.br\/wp-content\/uploads\/2018\/05\/mato-1024x683.jpg 1024w, https:\/\/diarioregionaldigital.com.br\/wp-content\/uploads\/2018\/05\/mato-360x240.jpg 360w\" sizes=\"auto, (max-width: 2592px) 100vw, 2592px\" \/><p id=\"caption-attachment-105238\" class=\"wp-caption-text\">Pedestres tem se arriscado em transitar em meio ao mato alto. FOTO: Rafaela Frutuoso<\/p><\/div>\n<p>A residente acrescentou que j\u00e1 procurou a Prefeitura para resolver o problema, mas que foi informada que a capina do local est\u00e1 na programa\u00e7\u00e3o do \u00f3rg\u00e3o, sem previs\u00e3o para acontecer. \u201cJ\u00e1 entramos em contato com o departamento para cobrar provid\u00eancias, mas n\u00e3o tivemos uma resposta satisfat\u00f3ria. O mato cresceu muito durante o per\u00edodo chuvoso. A situa\u00e7\u00e3o est\u00e1 t\u00e3o cr\u00edtica, que o mato est\u00e1 com quase dois metros de altura. Muita gente utiliza aquele trecho da via. Crian\u00e7as, pessoas com dificuldade de locomo\u00e7\u00e3o, est\u00e3o sendo obrigadas a transitar pelo meio da rua\u201d, disse.<\/p>\n<p>&nbsp;<\/p>\n<p><strong>NOTA DO DEMLURB<\/strong><\/p>\n<p>Em nota, a assessoria do Departamento Municipal de Limpeza Urbana (Demlurb) informou que a limpeza e capina do bairro Cer\u00e2mica j\u00e1 consta na programa\u00e7\u00e3o de servi\u00e7os. No entanto, \u00e9 necess\u00e1rio aguardar a agenda de execu\u00e7\u00e3o. A pasta tamb\u00e9m refor\u00e7ou que, no momento, o Demlurb realiza o choque de limpeza da zona Sul e, ap\u00f3s a conclus\u00e3o, segue para regi\u00f5es da zona Norte.<\/p>\n<p>\u00c9 poss\u00edvel realizar a solicita\u00e7\u00e3o de limpeza urbana atrav\u00e9s do call center, Al\u00f4 Demlurb, 3690-3500.<\/p>\n<p>&nbsp;<\/p>\n","protected":false},"excerpt":{"rendered":"<p>O mato alto no trecho da Avenida Santa C\u00e2ndida, pr\u00f3ximo \u00e0 esquina com a Rua Olavo Bilac, vem incomodando os moradores do bairro Cer\u00e2mica, zona Norte da cidade. Conforme os relatos, com a falta de capina, o mato tomou conta da cal\u00e7ada, fazendo com que os pedestres transitem pela pista de rolamento, aumentando os riscos [&hellip;]<\/p>\n","protected":false},"author":96,"featured_media":105239,"comment_status":"closed","ping_status":"closed","sticky":false,"template":"","format":"standard","meta":{"footnotes":""},"categories":[253,440,439],"tags":[949,947,950,948],"class_list":["post-105152","post","type-post","status-publish","format-standard","has-post-thumbnail","hentry","category-cidade","category-destaques-do-dia","category-ultima-hora","tag-ceramica","tag-falta-de-capina","tag-mato-alto","tag-moradores"],"_links":{"self":[{"href":"https:\/\/diarioregionaldigital.com.br\/index.php?rest_route=\/wp\/v2\/posts\/105152","targetHints":{"allow":["GET"]}}],"collection":[{"href":"https:\/\/diarioregionaldigital.com.br\/index.php?rest_route=\/wp\/v2\/posts"}],"about":[{"href":"https:\/\/diarioregionaldigital.com.br\/index.php?rest_route=\/wp\/v2\/types\/post"}],"author":[{"embeddable":true,"href":"https:\/\/diarioregionaldigital.com.br\/index.php?rest_route=\/wp\/v2\/users\/96"}],"replies":[{"embeddable":true,"href":"https:\/\/diarioregionaldigital.com.br\/index.php?rest_route=%2Fwp%2Fv2%2Fcomments&post=105152"}],"version-history":[{"count":0,"href":"https:\/\/diarioregionaldigital.com.br\/index.php?rest_route=\/wp\/v2\/posts\/105152\/revisions"}],"wp:featuredmedia":[{"embeddable":true,"href":"https:\/\/diarioregionaldigital.com.br\/index.php?rest_route=\/wp\/v2\/media\/105239"}],"wp:attachment":[{"href":"https:\/\/diarioregionaldigital.com.br\/index.php?rest_route=%2Fwp%2Fv2%2Fmedia&parent=105152"}],"wp:term":[{"taxonomy":"category","embeddable":true,"href":"https:\/\/diarioregionaldigital.com.br\/index.php?rest_route=%2Fwp%2Fv2%2Fcategories&post=105152"},{"taxonomy":"post_tag","embeddable":true,"href":"https:\/\/diarioregionaldigital.com.br\/index.php?rest_route=%2Fwp%2Fv2%2Ftags&post=105152"}],"curies":[{"name":"wp","href":"https:\/\/api.w.org\/{rel}","templated":true}]}}