{"id":104929,"date":"2018-05-21T00:53:46","date_gmt":"2018-05-21T03:53:46","guid":{"rendered":"http:\/\/diarioregionaljf.com.br\/?p=104929"},"modified":"2018-05-21T00:53:46","modified_gmt":"2018-05-21T03:53:46","slug":"ufjf-realiza-pregao-eletronico-para-instalacao-de-cantinas","status":"publish","type":"post","link":"https:\/\/diarioregionaldigital.com.br\/?p=104929","title":{"rendered":"UFJF realiza preg\u00e3o eletr\u00f4nico para instala\u00e7\u00e3o de cantinas"},"content":{"rendered":"<p>A Coordena\u00e7\u00e3o de Suprimentos (Cosup) da Universidade Federal de Juiz de Fora (UFJF) realiza, no pr\u00f3ximo dia 28, \u00e0s 14h, um preg\u00e3o eletr\u00f4nico para concess\u00e3o de uso de espa\u00e7o f\u00edsico pr\u00e9-determinado e destinado \u00e0 instala\u00e7\u00e3o de duas cantinas no campus Juiz de Fora. A iniciativa visa atender \u00e0s demandas rotineiras da comunidade interna e externa da institui\u00e7\u00e3o. As cantinas est\u00e3o no Centro de Ci\u00eancias da Sa\u00fade (CCS) e na Faculdade de Economia. Os concorrentes devem seguir condi\u00e7\u00f5es e exig\u00eancias estabelecidas em edital j\u00e1 divulgado no portal\u00a0<a href=\"http:\/\/www.comprasnet.gov.br\/\">www.comprasnet.gov.br<\/a>.<\/p>\n<p>De acordo com a pr\u00f3-reitora adjunta de Infraestrutura e Gest\u00e3o da Universidade, Janezete Marques, a Proinfra acompanha o processo de ocupa\u00e7\u00e3o destes espa\u00e7os, desde o per\u00edodo pr\u00e9-licitat\u00f3rio at\u00e9 a manuten\u00e7\u00e3o dos novos equipamentos. \u201cA Pr\u00f3-reitoria atua no c\u00e1lculo de uma estimativa do valor do aluguel, baseado numa metodologia cient\u00edfica, feita por engenheiros, assim como no c\u00e1lculo m\u00e9dio do consumo de \u00e1gua e energia el\u00e9trica antes da licita\u00e7\u00e3o. Em seguida, com a cantina instalada, a Proinfra tamb\u00e9m atua analisando e fiscalizando as instala\u00e7\u00f5es, al\u00e9m da vistoria na coleta do lixo, feita pelo setor de Sustentabilidade\u201d.<\/p>\n<p>O preg\u00e3o ser\u00e1 realizado na modalidade \u201cmenor lance\u201d. O valor m\u00ednimo da concess\u00e3o, que corresponde ao valor da loca\u00e7\u00e3o e ser\u00e1 considerado como base para c\u00e1lculo dos valores dos lances a serem oferecidos, \u00e9 de R$ 1.800, ao qual ser\u00e1 acrescida a taxa de \u00e1gua e luz, cujo valor \u00e9 de R$ 870. Para participar, os proponentes devem atuar no ramo de atividade compat\u00edvel com o objetivo da licita\u00e7\u00e3o, estar credenciados no Sistema de Cadastramento Unificado de Fornecedores (Sicaf) e n\u00e3o se enquadrar nos casos previstos no item 4.2 do edital.<\/p>\n<p>\u00c9 importante destacar que as propostas devem ser enviadas pelo pr\u00f3prio portal\u00a0<a href=\"http:\/\/www.comprasnet.gov.br\/\">www.comprasnet.gov.br<\/a>\u00a0at\u00e9 a data e hor\u00e1rio marcado para a abertura da sess\u00e3o, com base no hor\u00e1rio de Bras\u00edlia (DF). Caber\u00e1 ao proponente monitorar o andamento de sua proposi\u00e7\u00e3o durante a etapa de lances. Quando esta se encerrar e ap\u00f3s a verifica\u00e7\u00e3o de poss\u00edvel empate, o pregoeiro examinar\u00e1 a proposta classificada em primeiro lugar quanto ao pre\u00e7o, a sua exequibilidade bem como quanto ao cumprimento das especifica\u00e7\u00f5es do objeto.<\/p>\n<p>Fonte: Assessoria \/ UFJF<\/p>\n","protected":false},"excerpt":{"rendered":"<p>A Coordena\u00e7\u00e3o de Suprimentos (Cosup) da Universidade Federal de Juiz de Fora (UFJF) realiza, no pr\u00f3ximo dia 28, \u00e0s 14h, um preg\u00e3o eletr\u00f4nico para concess\u00e3o de uso de espa\u00e7o f\u00edsico pr\u00e9-determinado e destinado \u00e0 instala\u00e7\u00e3o de duas cantinas no campus Juiz de Fora. A iniciativa visa atender \u00e0s demandas rotineiras da comunidade interna e externa [&hellip;]<\/p>\n","protected":false},"author":96,"featured_media":104930,"comment_status":"closed","ping_status":"closed","sticky":false,"template":"","format":"standard","meta":{"footnotes":""},"categories":[253,439],"tags":[],"class_list":["post-104929","post","type-post","status-publish","format-standard","has-post-thumbnail","hentry","category-cidade","category-ultima-hora"],"_links":{"self":[{"href":"https:\/\/diarioregionaldigital.com.br\/index.php?rest_route=\/wp\/v2\/posts\/104929","targetHints":{"allow":["GET"]}}],"collection":[{"href":"https:\/\/diarioregionaldigital.com.br\/index.php?rest_route=\/wp\/v2\/posts"}],"about":[{"href":"https:\/\/diarioregionaldigital.com.br\/index.php?rest_route=\/wp\/v2\/types\/post"}],"author":[{"embeddable":true,"href":"https:\/\/diarioregionaldigital.com.br\/index.php?rest_route=\/wp\/v2\/users\/96"}],"replies":[{"embeddable":true,"href":"https:\/\/diarioregionaldigital.com.br\/index.php?rest_route=%2Fwp%2Fv2%2Fcomments&post=104929"}],"version-history":[{"count":0,"href":"https:\/\/diarioregionaldigital.com.br\/index.php?rest_route=\/wp\/v2\/posts\/104929\/revisions"}],"wp:featuredmedia":[{"embeddable":true,"href":"https:\/\/diarioregionaldigital.com.br\/index.php?rest_route=\/wp\/v2\/media\/104930"}],"wp:attachment":[{"href":"https:\/\/diarioregionaldigital.com.br\/index.php?rest_route=%2Fwp%2Fv2%2Fmedia&parent=104929"}],"wp:term":[{"taxonomy":"category","embeddable":true,"href":"https:\/\/diarioregionaldigital.com.br\/index.php?rest_route=%2Fwp%2Fv2%2Fcategories&post=104929"},{"taxonomy":"post_tag","embeddable":true,"href":"https:\/\/diarioregionaldigital.com.br\/index.php?rest_route=%2Fwp%2Fv2%2Ftags&post=104929"}],"curies":[{"name":"wp","href":"https:\/\/api.w.org\/{rel}","templated":true}]}}