{"id":104926,"date":"2018-05-21T00:47:17","date_gmt":"2018-05-21T03:47:17","guid":{"rendered":"http:\/\/diarioregionaljf.com.br\/?p=104926"},"modified":"2018-05-21T00:47:17","modified_gmt":"2018-05-21T03:47:17","slug":"projeto-dente-da-gente-participa-de-acao-no-bairro-sao-benedito","status":"publish","type":"post","link":"https:\/\/diarioregionaldigital.com.br\/?p=104926","title":{"rendered":"Projeto Dente da Gente participa de a\u00e7\u00e3o no bairro S\u00e3o Benedito"},"content":{"rendered":"<p>Moradores do bairro S\u00e3o Benedito receberam dentistas, enfermeiros e profissionais de beleza na manh\u00e3 deste domingo, 20. A iniciativa, que j\u00e1 acontece h\u00e1 11 anos, reuniu esfor\u00e7os das lideran\u00e7as comunit\u00e1rias do bairro e parceiros como Universidade Federal de Juiz de Fora (UFJF). A ocasi\u00e3o contou com a presen\u00e7a do Dente da Gente, projeto da Faculdade de Odontologia que busca atender moradores de diversos bairros da cidade.<\/p>\n<p>Orientador e professor da Faculdade de Odontologia, Leandro Marques de Rezende conta que o projeto foi iniciado em 2009, em continuidade ao \u201cPr\u00f3-sa\u00fade\u201d, do Governo Federal que, por conta cortes or\u00e7ament\u00e1rios, acabou sendo extinto. \u201cN\u00f3s resolvemos continuar atuando por meio do Dente da Gente, que tornou-se uma iniciativa nossa, pelo qual buscamos orientar a forma correta da higiene bucal e propiciar a continuidade dos cuidados em suas casas\u201d, afirma.<\/p>\n<p>Matheus Ferreira Calais, estudante de Odontologia na UFJF e bolsista de Treinamento Profissional no Dente da Gente, comenta que, para al\u00e9m da sala de aula, o projeto lhe d\u00e1 a oportunidade de vivenciar a profiss\u00e3o de maneira mais humana, tendo um contato direto com pessoas que precisam do servi\u00e7o, mas n\u00e3o conseguem acess\u00e1-lo regularmente. \u201cAl\u00e9m de atender as crian\u00e7as, n\u00f3s orientamos a fam\u00edlia quanto ao uso do fio dental, enxaguante, tiramos d\u00favidas sobre pr\u00f3tese, c\u00e1ries, periodontite e perda \u00f3ssea. Sempre que as pessoas t\u00eam d\u00favidas, elas nos procuram para darmos as informa\u00e7\u00f5es corretas.\u201d<\/p>\n<p>J\u00e9ssica Ferreira, formada em Enfermagem pela UFJF, j\u00e1 atua como volunt\u00e1ria no evento h\u00e1 3 edi\u00e7\u00f5es. \u201cEsse ano n\u00f3s conseguimos uma parceria com a Secretaria de Sa\u00fade para realizar a imuniza\u00e7\u00e3o contra a febre amarela e tamb\u00e9m a pesagem para o Bolsa Fam\u00edlia. \u00c9 bacana, porque s\u00e3o servi\u00e7os que s\u00f3 est\u00e3o dispon\u00edveis nos dias de semana e, por conta do trabalho, muitas vezes as pessoas n\u00e3o conseguem ter acesso, ent\u00e3o, hoje eles podem aproveitar para se vacinar e cuidar da sa\u00fade\u201d, conta. Junto a ela, um time de enfermeiros ofereceu servi\u00e7os como aferimento de press\u00e3o, teste de glicose, c\u00e1lculo do IMC, al\u00e9m de orienta\u00e7\u00e3o quanto \u00e0 doen\u00e7as como diabetes e hipertens\u00e3o.<\/p>\n<p>Carmem de S\u00e1 Medeiros, moradora do bairro, levou ao evento seus filhos Davi e Lucas, de 3 e 4 anos. \u201cEles receberam o kit de\u00a0higiene bucal e v\u00e3o cortar os cabelos. Os dois j\u00e1 foram ao dentista na creche, mas foi bom ter vindo, porque descobri hoje que a UFJF oferece dentista de gra\u00e7a\u201d.<\/p>\n<p>Rezende esclarece que, tais iniciativas de educa\u00e7\u00e3o em sa\u00fade bucal podem ser solicitadas por meio do<a href=\"https:\/\/valorizaodonto.com.br\/projetos\/treinamento-profissional-dente-da-gente-educacao-em-saude-2\/\" target=\"_blank\" rel=\"noopener\">\u00a0link<\/a>\u00a0do Dente da Gente. Cada acesso ser\u00e1 revertido em um kit de higiene bucal a ser distribu\u00eddo em a\u00e7\u00f5es do projeto\u00a0em escolas p\u00fablicas, creches, asilos, hospitais e em a\u00e7\u00f5es conjuntas com a pr\u00f3pria UFJF.<\/p>\n<p>Fonte: Assessoria \/ UFJF<\/p>\n","protected":false},"excerpt":{"rendered":"<p>Moradores do bairro S\u00e3o Benedito receberam dentistas, enfermeiros e profissionais de beleza na manh\u00e3 deste domingo, 20. A iniciativa, que j\u00e1 acontece h\u00e1 11 anos, reuniu esfor\u00e7os das lideran\u00e7as comunit\u00e1rias do bairro e parceiros como Universidade Federal de Juiz de Fora (UFJF). A ocasi\u00e3o contou com a presen\u00e7a do Dente da Gente, projeto da Faculdade [&hellip;]<\/p>\n","protected":false},"author":96,"featured_media":104927,"comment_status":"closed","ping_status":"closed","sticky":false,"template":"","format":"standard","meta":{"footnotes":""},"categories":[253,439],"tags":[],"class_list":["post-104926","post","type-post","status-publish","format-standard","has-post-thumbnail","hentry","category-cidade","category-ultima-hora"],"_links":{"self":[{"href":"https:\/\/diarioregionaldigital.com.br\/index.php?rest_route=\/wp\/v2\/posts\/104926","targetHints":{"allow":["GET"]}}],"collection":[{"href":"https:\/\/diarioregionaldigital.com.br\/index.php?rest_route=\/wp\/v2\/posts"}],"about":[{"href":"https:\/\/diarioregionaldigital.com.br\/index.php?rest_route=\/wp\/v2\/types\/post"}],"author":[{"embeddable":true,"href":"https:\/\/diarioregionaldigital.com.br\/index.php?rest_route=\/wp\/v2\/users\/96"}],"replies":[{"embeddable":true,"href":"https:\/\/diarioregionaldigital.com.br\/index.php?rest_route=%2Fwp%2Fv2%2Fcomments&post=104926"}],"version-history":[{"count":0,"href":"https:\/\/diarioregionaldigital.com.br\/index.php?rest_route=\/wp\/v2\/posts\/104926\/revisions"}],"wp:featuredmedia":[{"embeddable":true,"href":"https:\/\/diarioregionaldigital.com.br\/index.php?rest_route=\/wp\/v2\/media\/104927"}],"wp:attachment":[{"href":"https:\/\/diarioregionaldigital.com.br\/index.php?rest_route=%2Fwp%2Fv2%2Fmedia&parent=104926"}],"wp:term":[{"taxonomy":"category","embeddable":true,"href":"https:\/\/diarioregionaldigital.com.br\/index.php?rest_route=%2Fwp%2Fv2%2Fcategories&post=104926"},{"taxonomy":"post_tag","embeddable":true,"href":"https:\/\/diarioregionaldigital.com.br\/index.php?rest_route=%2Fwp%2Fv2%2Ftags&post=104926"}],"curies":[{"name":"wp","href":"https:\/\/api.w.org\/{rel}","templated":true}]}}