{"id":104924,"date":"2018-05-21T00:44:28","date_gmt":"2018-05-21T03:44:28","guid":{"rendered":"http:\/\/diarioregionaljf.com.br\/?p=104924"},"modified":"2018-05-21T01:13:28","modified_gmt":"2018-05-21T04:13:28","slug":"projeto-que-propoe-tolerancia-de-15-minutos-de-estacionamento-em-hospitais-publicos-comeca-a-ser-discutido","status":"publish","type":"post","link":"https:\/\/diarioregionaldigital.com.br\/?p=104924","title":{"rendered":"Projeto que prop\u00f5e toler\u00e2ncia de 15 minutos de estacionamento em hospitais p\u00fablicos come\u00e7a a ser discutido"},"content":{"rendered":"<p>O vereador Cido Reis (PSB) quer que seja permitido o estacionamento de autom\u00f3veis particulares no embarque e desembarque de hospitais p\u00fablicos por no m\u00e1ximo 15 minutos, sem que ocorra a autua\u00e7\u00e3o por parte de agentes de tr\u00e2nsito. O projeto de lei com a proposta entrou na Ordem do Dia da reuni\u00e3o desta quinta-feira, 17, mas o vereador Charlles Evangelista (PSL) pediu vista da mat\u00e9ria. Com isso, o projeto retorna para vota\u00e7\u00e3o nesta segunda-feira, 21.<\/p>\n<p>O projeto prev\u00ea a toler\u00e2ncia de 15 minutos somente nas seguintes circunst\u00e2ncias: quando o motorista apresentar urg\u00eancia de atendimento m\u00e9dico-hospitalar; quando o paciente, em decorr\u00eancia de grave quadro cl\u00ednico, necessitar que o motorista o acompanhe; se houver urg\u00eancia em desembarcar o enfermo notadamente fragilizado; e, por \u00faltimo, em casos de emerg\u00eancia de atendimento por especialista funcion\u00e1rio do hospital.<\/p>\n<p>Fonte: Assessoria \/ C\u00e2mara Municipal<\/p>\n","protected":false},"excerpt":{"rendered":"<p>O vereador Cido Reis (PSB) quer que seja permitido o estacionamento de autom\u00f3veis particulares no embarque e desembarque de hospitais p\u00fablicos por no m\u00e1ximo 15 minutos, sem que ocorra a autua\u00e7\u00e3o por parte de agentes de tr\u00e2nsito. O projeto de lei com a proposta entrou na Ordem do Dia da reuni\u00e3o desta quinta-feira, 17, mas [&hellip;]<\/p>\n","protected":false},"author":96,"featured_media":97343,"comment_status":"closed","ping_status":"closed","sticky":false,"template":"","format":"standard","meta":{"footnotes":""},"categories":[254,439],"tags":[],"class_list":["post-104924","post","type-post","status-publish","format-standard","has-post-thumbnail","hentry","category-politica","category-ultima-hora"],"_links":{"self":[{"href":"https:\/\/diarioregionaldigital.com.br\/index.php?rest_route=\/wp\/v2\/posts\/104924","targetHints":{"allow":["GET"]}}],"collection":[{"href":"https:\/\/diarioregionaldigital.com.br\/index.php?rest_route=\/wp\/v2\/posts"}],"about":[{"href":"https:\/\/diarioregionaldigital.com.br\/index.php?rest_route=\/wp\/v2\/types\/post"}],"author":[{"embeddable":true,"href":"https:\/\/diarioregionaldigital.com.br\/index.php?rest_route=\/wp\/v2\/users\/96"}],"replies":[{"embeddable":true,"href":"https:\/\/diarioregionaldigital.com.br\/index.php?rest_route=%2Fwp%2Fv2%2Fcomments&post=104924"}],"version-history":[{"count":0,"href":"https:\/\/diarioregionaldigital.com.br\/index.php?rest_route=\/wp\/v2\/posts\/104924\/revisions"}],"wp:featuredmedia":[{"embeddable":true,"href":"https:\/\/diarioregionaldigital.com.br\/index.php?rest_route=\/wp\/v2\/media\/97343"}],"wp:attachment":[{"href":"https:\/\/diarioregionaldigital.com.br\/index.php?rest_route=%2Fwp%2Fv2%2Fmedia&parent=104924"}],"wp:term":[{"taxonomy":"category","embeddable":true,"href":"https:\/\/diarioregionaldigital.com.br\/index.php?rest_route=%2Fwp%2Fv2%2Fcategories&post=104924"},{"taxonomy":"post_tag","embeddable":true,"href":"https:\/\/diarioregionaldigital.com.br\/index.php?rest_route=%2Fwp%2Fv2%2Ftags&post=104924"}],"curies":[{"name":"wp","href":"https:\/\/api.w.org\/{rel}","templated":true}]}}