{"id":104919,"date":"2018-05-21T00:36:26","date_gmt":"2018-05-21T03:36:26","guid":{"rendered":"http:\/\/diarioregionaljf.com.br\/?p=104919"},"modified":"2018-05-21T00:36:26","modified_gmt":"2018-05-21T03:36:26","slug":"morador-em-situacao-de-rua-e-encontrado-morto-em-leopoldina","status":"publish","type":"post","link":"https:\/\/diarioregionaldigital.com.br\/?p=104919","title":{"rendered":"Morador em situa\u00e7\u00e3o de rua \u00e9 encontrado morto em Leopoldina"},"content":{"rendered":"<p>Um morador em situa\u00e7\u00e3o de rua foi encontrado morto nesse domingo, 20, nas imedia\u00e7\u00f5es da Pra\u00e7a Zequinha Reis (Pra\u00e7a da Bandeira), em Leopoldina. O corpo foi enviado ao Instituto M\u00e9dico Legal (IML) sem sinais de viol\u00eancia e n\u00e3o h\u00e1 confirma\u00e7\u00e3o da causa da morte.<\/p>\n<div class=\"detalhe-texto\">A Pol\u00edcia Militar foi acionada pelo Servi\u00e7o de Atendimento M\u00f3vel de Urg\u00eancia (SAMU) com a informa\u00e7\u00e3o de que um corpo estava sem vida, ao lado de uma cal\u00e7ada pr\u00f3ximo \u00e0 Pra\u00e7a da Bandeira. Quando chegaram ao local, os militares constataram que o corpo de F. de O. L., 32 anos, n\u00e3o tinha sinais de viol\u00eancia. Segundo a PM, populares informaram que o homem frequentava sempre aquele local e fazia constante uso de bebida alc\u00f3olica. Ainda segundo os militares, foi relatado que ele teria passado por tratamento m\u00e9dico, por\u00e9m ap\u00f3s uma breve recupera\u00e7\u00e3o teria voltado a consumir a bebida e esta possivelmente poderia ser uma das causas de seu \u00f3bito.<\/p>\n<p>A Per\u00edcia T\u00e9cnica da Pol\u00edcia Civil foi acionada e confirmou que n\u00e3o existiam ind\u00edcios de les\u00e3o ou agress\u00e3o no corpo do homem. Marcas de sangue, possivelmente causadas por v\u00f4mitos, foram encontradas pr\u00f3ximo ao corpo. O caso foi registrado como encontro de cad\u00e1ver e o corpo encaminhado para o IML de Leopoldina onde um exame de necropsia pode apontar o que causou a morte.<\/p><\/div>\n<p>&nbsp;<\/p>\n<p><b>Fonte:\u00a0<\/b>O VIGILANTE ONLINE<\/p>\n","protected":false},"excerpt":{"rendered":"<p>Um morador em situa\u00e7\u00e3o de rua foi encontrado morto nesse domingo, 20, nas imedia\u00e7\u00f5es da Pra\u00e7a Zequinha Reis (Pra\u00e7a da Bandeira), em Leopoldina. O corpo foi enviado ao Instituto M\u00e9dico Legal (IML) sem sinais de viol\u00eancia e n\u00e3o h\u00e1 confirma\u00e7\u00e3o da causa da morte. A Pol\u00edcia Militar foi acionada pelo Servi\u00e7o de Atendimento M\u00f3vel de [&hellip;]<\/p>\n","protected":false},"author":96,"featured_media":104920,"comment_status":"closed","ping_status":"closed","sticky":false,"template":"","format":"standard","meta":{"footnotes":""},"categories":[252,439],"tags":[],"class_list":["post-104919","post","type-post","status-publish","format-standard","has-post-thumbnail","hentry","category-regiao","category-ultima-hora"],"_links":{"self":[{"href":"https:\/\/diarioregionaldigital.com.br\/index.php?rest_route=\/wp\/v2\/posts\/104919","targetHints":{"allow":["GET"]}}],"collection":[{"href":"https:\/\/diarioregionaldigital.com.br\/index.php?rest_route=\/wp\/v2\/posts"}],"about":[{"href":"https:\/\/diarioregionaldigital.com.br\/index.php?rest_route=\/wp\/v2\/types\/post"}],"author":[{"embeddable":true,"href":"https:\/\/diarioregionaldigital.com.br\/index.php?rest_route=\/wp\/v2\/users\/96"}],"replies":[{"embeddable":true,"href":"https:\/\/diarioregionaldigital.com.br\/index.php?rest_route=%2Fwp%2Fv2%2Fcomments&post=104919"}],"version-history":[{"count":0,"href":"https:\/\/diarioregionaldigital.com.br\/index.php?rest_route=\/wp\/v2\/posts\/104919\/revisions"}],"wp:featuredmedia":[{"embeddable":true,"href":"https:\/\/diarioregionaldigital.com.br\/index.php?rest_route=\/wp\/v2\/media\/104920"}],"wp:attachment":[{"href":"https:\/\/diarioregionaldigital.com.br\/index.php?rest_route=%2Fwp%2Fv2%2Fmedia&parent=104919"}],"wp:term":[{"taxonomy":"category","embeddable":true,"href":"https:\/\/diarioregionaldigital.com.br\/index.php?rest_route=%2Fwp%2Fv2%2Fcategories&post=104919"},{"taxonomy":"post_tag","embeddable":true,"href":"https:\/\/diarioregionaldigital.com.br\/index.php?rest_route=%2Fwp%2Fv2%2Ftags&post=104919"}],"curies":[{"name":"wp","href":"https:\/\/api.w.org\/{rel}","templated":true}]}}