{"id":104911,"date":"2018-05-21T00:22:31","date_gmt":"2018-05-21T03:22:31","guid":{"rendered":"http:\/\/diarioregionaljf.com.br\/?p=104911"},"modified":"2018-05-21T00:22:31","modified_gmt":"2018-05-21T03:22:31","slug":"facebook-remove-25-milhoes-de-posts-com-discurso-de-odio-em-6-meses","status":"publish","type":"post","link":"https:\/\/diarioregionaldigital.com.br\/?p=104911","title":{"rendered":"Facebook remove 2,5 milh\u00f5es de posts com discurso de \u00f3dio em 6 meses"},"content":{"rendered":"<p>O Facebook retirou do ar 2,5 milh\u00f5es de publica\u00e7\u00f5es que foram identificadas como contendo discurso de \u00f3dio no primeiro semestre do ano. A informa\u00e7\u00e3o foi divulgada no relat\u00f3rio de transpar\u00eancia da plataforma, publicado pela primeira vez na\u00a0semana passada. O documento traz os resultados das a\u00e7\u00f5es de modera\u00e7\u00e3o de conte\u00fado praticadas pela empresa, como o monitoramento e a exclus\u00e3o de mensagens publicadas.<\/p>\n<p>A avalia\u00e7\u00e3o \u00e9 feita com base em diretrizes estabelecidas pela companhia. Segundo elas, discurso de \u00f3dio \u00e9 considerado \u201cum ataque direto a pessoas com base no que chamamos de caracter\u00edsticas protegidas: ra\u00e7a, etnia, nacionalidade, filia\u00e7\u00e3o religiosa, orienta\u00e7\u00e3o sexual, sexo, g\u00eanero, identidade de g\u00eanero e doen\u00e7a ou defici\u00eancia grave\u201d,\u00a0al\u00e9m do status\u00a0migrat\u00f3rio.\u00a0\u201cAtaques\u201d s\u00e3o \u201cdiscursos violentos ou degradantes, declara\u00e7\u00f5es\u00a0de inferioridade ou incentivo \u00e0 exclus\u00e3o e segrega\u00e7\u00e3o\u201d.<\/p>\n<p>O Facebook tamb\u00e9m excluiu 3,5 milh\u00f5es de conte\u00fados violentos. Estes s\u00e3o definidos nas diretrizes como uma mensagem \u201cque exalte a viol\u00eancia ou celebre a humilha\u00e7\u00e3o ou o sofrimento de outras pessoas\u201d. S\u00e3o permitidas publica\u00e7\u00f5es com imagens expl\u00edcitas em alguns casos mas, segundo a empresa, \u201cpara ajudar as pessoas a gerar conscientiza\u00e7\u00e3o sobre algumas quest\u00f5es\u201d.<\/p>\n<p>O monitoramento de conte\u00fado do Facebook identificou e derrubou 21 milh\u00f5es de conte\u00fados de nudez ou pornografia. A empresa\u00a0estima que a cada 10 mil publica\u00e7\u00f5es, entre 7 e 9 traziam algum tipo de conte\u00fado que violava os padr\u00f5es sobre nudez ou pornogafia.<\/p>\n<p>A modera\u00e7\u00e3o tamb\u00e9m busca contas falsas. De acordo com o relat\u00f3rio, no primeiro semestre foram derrubados 583 milh\u00f5es de perfis deste tipo. O n\u00famero representa 26,5% do total de usu\u00e1rios que a plataforma tem\u00a0(2,2 bilh\u00f5es, segundo dados\u00a0de abril). Contudo, n\u00e3o necessariamente as contas j\u00e1 existiam. De acordo com o documento, a maioria dos perfis considerados falsos \u00e9 exclu\u00edda minutos ap\u00f3s a cria\u00e7\u00e3o.<\/p>\n<h2>Automatiza\u00e7\u00e3o<\/h2>\n<p>Um dos pontos exaltados pelo Facebook em seu relat\u00f3rio \u00e9 a atua\u00e7\u00e3o de seus sistemas para identificar os conte\u00fados violadores de suas regras para exclus\u00e3o. No caso das publica\u00e7\u00f5es com nudez e pornografia, 96% foram marcadas pela tecnologia da plataforma. Nas mensagens com imagens de viol\u00eancia, o \u00edndice ficou em 86%.\u00a0J\u00e1 nos conte\u00fados com discurso de \u00f3dio, a propor\u00e7\u00e3o de mensagens sinalizadas pelo sistema da companhia cai bastante, ficando em 38%.<\/p>\n<p>\u201cTecnologias como a intelig\u00eancia artificial, que embora seja promissora, ainda est\u00e1 longe de ser efetiva para a maioria dos conte\u00fados de baixa qualidade, ja que uma an\u00e1lise do contexto tamb\u00e9m \u00e9 muito importante. Por exemplo, a intelig\u00eancia artificial n\u00e3o \u00e9 boa o suficiente para determinar se algu\u00e9m est\u00e1 proclamando \u00f3dio ou se est\u00e1 descrevendo uma situa\u00e7\u00e3o ocorrida consigo mesma para gerar conscientiza\u00e7\u00e3o sobre o assunto\u201d, disse Guy Rosen, vice-presidente de gerenciamento de produto, em texto publicado no<em>\u00a0site<\/em>\u00a0oficial da empresa.<\/p>\n<p>Fonte: Ag\u00eancia Brasil<\/p>\n","protected":false},"excerpt":{"rendered":"<p>O Facebook retirou do ar 2,5 milh\u00f5es de publica\u00e7\u00f5es que foram identificadas como contendo discurso de \u00f3dio no primeiro semestre do ano. A informa\u00e7\u00e3o foi divulgada no relat\u00f3rio de transpar\u00eancia da plataforma, publicado pela primeira vez na\u00a0semana passada. O documento traz os resultados das a\u00e7\u00f5es de modera\u00e7\u00e3o de conte\u00fado praticadas pela empresa, como o monitoramento [&hellip;]<\/p>\n","protected":false},"author":96,"featured_media":104912,"comment_status":"closed","ping_status":"closed","sticky":false,"template":"","format":"standard","meta":{"footnotes":""},"categories":[302,439],"tags":[],"class_list":["post-104911","post","type-post","status-publish","format-standard","has-post-thumbnail","hentry","category-brasil-mundo","category-ultima-hora"],"_links":{"self":[{"href":"https:\/\/diarioregionaldigital.com.br\/index.php?rest_route=\/wp\/v2\/posts\/104911","targetHints":{"allow":["GET"]}}],"collection":[{"href":"https:\/\/diarioregionaldigital.com.br\/index.php?rest_route=\/wp\/v2\/posts"}],"about":[{"href":"https:\/\/diarioregionaldigital.com.br\/index.php?rest_route=\/wp\/v2\/types\/post"}],"author":[{"embeddable":true,"href":"https:\/\/diarioregionaldigital.com.br\/index.php?rest_route=\/wp\/v2\/users\/96"}],"replies":[{"embeddable":true,"href":"https:\/\/diarioregionaldigital.com.br\/index.php?rest_route=%2Fwp%2Fv2%2Fcomments&post=104911"}],"version-history":[{"count":0,"href":"https:\/\/diarioregionaldigital.com.br\/index.php?rest_route=\/wp\/v2\/posts\/104911\/revisions"}],"wp:featuredmedia":[{"embeddable":true,"href":"https:\/\/diarioregionaldigital.com.br\/index.php?rest_route=\/wp\/v2\/media\/104912"}],"wp:attachment":[{"href":"https:\/\/diarioregionaldigital.com.br\/index.php?rest_route=%2Fwp%2Fv2%2Fmedia&parent=104911"}],"wp:term":[{"taxonomy":"category","embeddable":true,"href":"https:\/\/diarioregionaldigital.com.br\/index.php?rest_route=%2Fwp%2Fv2%2Fcategories&post=104911"},{"taxonomy":"post_tag","embeddable":true,"href":"https:\/\/diarioregionaldigital.com.br\/index.php?rest_route=%2Fwp%2Fv2%2Ftags&post=104911"}],"curies":[{"name":"wp","href":"https:\/\/api.w.org\/{rel}","templated":true}]}}