{"id":104885,"date":"2018-05-20T18:38:11","date_gmt":"2018-05-20T21:38:11","guid":{"rendered":"http:\/\/diarioregionaljf.com.br\/?p=104885"},"modified":"2018-05-20T20:49:19","modified_gmt":"2018-05-20T23:49:19","slug":"aviao-com-dj-alok-e-sua-equipe-sai-da-pista-durante-decolagem-no-aeroporto-da-serrinha","status":"publish","type":"post","link":"https:\/\/diarioregionaldigital.com.br\/?p=104885","title":{"rendered":"Avi\u00e3o com DJ Alok e sua equipe sai da pista durante decolagem no Aeroporto da Serrinha"},"content":{"rendered":"<p>Um avi\u00e3o que transportava o Dj Alok e integrantes de sua equipe saiu da pista durante sua decolagem na tarde deste domingo, 20, no Aeroporto da Serrinha. O Dj tocou na madrugada deste domingo, na Festa Country.<\/p>\n<p>Alok e equipe saiam de Juiz de Fora em dire\u00e7\u00e3o a Bel\u00e9m do Par\u00e1 onde o artista, tem na agenda, uma apresenta\u00e7\u00e3o no evento Pump Sunset. Ainda n\u00e3o h\u00e1 informa\u00e7\u00f5es se o Dj cancelar\u00e1 a sua participa\u00e7\u00e3o devido o ocorrido.\u00a0No s\u00e1bado, 19, o Dj se apresentou na cidade de Lavras juntamente com o cantor Luan Santana, durante o evento Lavras\u00a0Rodeo Festival.<\/p>\n<p>Atrav\u00e9s de seu perfil na rede social Instagram, Alok publicou v\u00eddeos, onde aparecia visivelmente abalado, mostrando cenas da aeronave fora da pista. Em determinado momento de um dos v\u00eddeos \u00e9 poss\u00edvel escutar choro, possivelmente de algum dos passageiros abalado. Tamb\u00e9m \u00e9 poss\u00edvel visualizar um sinal de fuma\u00e7a perto da aeronave, com algu\u00e9m ao fundo falando &#8220;t\u00e1 pegando fogo, t\u00e1 pegando fogo&#8221;. Por meio das publica\u00e7\u00f5es o DJ informou que todos passam bem.<\/p>\n<p>Em nota, a Secretaria de Desenvolvimento Econ\u00f4mico, Trabalho e Turismo, informou que &#8220;o incidente durante a decolagem da aeronave que fazia o transporte do DJ Alok e equipe, por volta das 16h30 no Aeroporto Municipal Francisco \u00c1lvares de Assis, n\u00e3o registrou v\u00edtimas. Imediatamente ap\u00f3s a ocorr\u00eancia, todos os procedimentos de seguran\u00e7a foram acionados pela empresa que opera o aeroporto, assim como os contatos com o Corpo de Bombeiros e os \u00f3rg\u00e3os ligados \u00e0 Aeron\u00e1utica. As causas do incidente ser\u00e3o agora investigadas pelo Centro de Investiga\u00e7\u00e3o e Preven\u00e7\u00e3o de Acidentes Aeron\u00e1uticos (Cenipa). Alok e equipe seguiram viagem de carro.\u201d<\/p>\n\n\t\t<style type=\"text\/css\">\n\t\t\t#gallery-1 {\n\t\t\t\tmargin: auto;\n\t\t\t}\n\t\t\t#gallery-1 .gallery-item {\n\t\t\t\tfloat: left;\n\t\t\t\tmargin-top: 10px;\n\t\t\t\ttext-align: center;\n\t\t\t\twidth: 33%;\n\t\t\t}\n\t\t\t#gallery-1 img {\n\t\t\t\tborder: 2px solid #cfcfcf;\n\t\t\t}\n\t\t\t#gallery-1 .gallery-caption {\n\t\t\t\tmargin-left: 0;\n\t\t\t}\n\t\t\t\/* see gallery_shortcode() in wp-includes\/media.php *\/\n\t\t<\/style>\n\t\t<div id='gallery-1' class='gallery galleryid-104885 gallery-columns-3 gallery-size-medium'><dl class='gallery-item'>\n\t\t\t<dt class='gallery-icon portrait'>\n\t\t\t\t<a href='https:\/\/diarioregionaldigital.com.br\/?attachment_id=104894'><img loading=\"lazy\" decoding=\"async\" width=\"169\" height=\"300\" src=\"https:\/\/diarioregionaldigital.com.br\/wp-content\/uploads\/2018\/05\/alokins-169x300.jpg\" class=\"attachment-medium size-medium\" alt=\"\" srcset=\"https:\/\/diarioregionaldigital.com.br\/wp-content\/uploads\/2018\/05\/alokins-169x300.jpg 169w, https:\/\/diarioregionaldigital.com.br\/wp-content\/uploads\/2018\/05\/alokins-576x1024.jpg 576w, https:\/\/diarioregionaldigital.com.br\/wp-content\/uploads\/2018\/05\/alokins-360x640.jpg 360w, https:\/\/diarioregionaldigital.com.br\/wp-content\/uploads\/2018\/05\/alokins.jpg 720w\" sizes=\"auto, (max-width: 169px) 100vw, 169px\" \/><\/a>\n\t\t\t<\/dt><\/dl><dl class='gallery-item'>\n\t\t\t<dt class='gallery-icon portrait'>\n\t\t\t\t<a href='https:\/\/diarioregionaldigital.com.br\/?attachment_id=104903'><img loading=\"lazy\" decoding=\"async\" width=\"169\" height=\"300\" src=\"https:\/\/diarioregionaldigital.com.br\/wp-content\/uploads\/2018\/05\/aviaoalokfumaca-169x300.jpg\" class=\"attachment-medium size-medium\" alt=\"\" srcset=\"https:\/\/diarioregionaldigital.com.br\/wp-content\/uploads\/2018\/05\/aviaoalokfumaca-169x300.jpg 169w, https:\/\/diarioregionaldigital.com.br\/wp-content\/uploads\/2018\/05\/aviaoalokfumaca-576x1024.jpg 576w, https:\/\/diarioregionaldigital.com.br\/wp-content\/uploads\/2018\/05\/aviaoalokfumaca-360x640.jpg 360w, https:\/\/diarioregionaldigital.com.br\/wp-content\/uploads\/2018\/05\/aviaoalokfumaca.jpg 720w\" sizes=\"auto, (max-width: 169px) 100vw, 169px\" \/><\/a>\n\t\t\t<\/dt><\/dl><dl class='gallery-item'>\n\t\t\t<dt class='gallery-icon portrait'>\n\t\t\t\t<a href='https:\/\/diarioregionaldigital.com.br\/?attachment_id=104893'><img loading=\"lazy\" decoding=\"async\" width=\"169\" height=\"300\" src=\"https:\/\/diarioregionaldigital.com.br\/wp-content\/uploads\/2018\/05\/alokin-169x300.jpg\" class=\"attachment-medium size-medium\" alt=\"\" srcset=\"https:\/\/diarioregionaldigital.com.br\/wp-content\/uploads\/2018\/05\/alokin-169x300.jpg 169w, https:\/\/diarioregionaldigital.com.br\/wp-content\/uploads\/2018\/05\/alokin-576x1024.jpg 576w, https:\/\/diarioregionaldigital.com.br\/wp-content\/uploads\/2018\/05\/alokin-360x640.jpg 360w, https:\/\/diarioregionaldigital.com.br\/wp-content\/uploads\/2018\/05\/alokin.jpg 720w\" sizes=\"auto, (max-width: 169px) 100vw, 169px\" \/><\/a>\n\t\t\t<\/dt><\/dl><br style=\"clear: both\" \/><dl class='gallery-item'>\n\t\t\t<dt class='gallery-icon portrait'>\n\t\t\t\t<a href='https:\/\/diarioregionaldigital.com.br\/?attachment_id=104897'><img loading=\"lazy\" decoding=\"async\" width=\"169\" height=\"300\" src=\"https:\/\/diarioregionaldigital.com.br\/wp-content\/uploads\/2018\/05\/alokinstagra-1-169x300.jpg\" class=\"attachment-medium size-medium\" alt=\"\" srcset=\"https:\/\/diarioregionaldigital.com.br\/wp-content\/uploads\/2018\/05\/alokinstagra-1-169x300.jpg 169w, https:\/\/diarioregionaldigital.com.br\/wp-content\/uploads\/2018\/05\/alokinstagra-1-576x1024.jpg 576w, https:\/\/diarioregionaldigital.com.br\/wp-content\/uploads\/2018\/05\/alokinstagra-1-360x640.jpg 360w, https:\/\/diarioregionaldigital.com.br\/wp-content\/uploads\/2018\/05\/alokinstagra-1.jpg 720w\" sizes=\"auto, (max-width: 169px) 100vw, 169px\" \/><\/a>\n\t\t\t<\/dt><\/dl><dl class='gallery-item'>\n\t\t\t<dt class='gallery-icon portrait'>\n\t\t\t\t<a href='https:\/\/diarioregionaldigital.com.br\/?attachment_id=104896'><img loading=\"lazy\" decoding=\"async\" width=\"169\" height=\"300\" src=\"https:\/\/diarioregionaldigital.com.br\/wp-content\/uploads\/2018\/05\/alonkinstagram-169x300.jpg\" class=\"attachment-medium size-medium\" alt=\"\" srcset=\"https:\/\/diarioregionaldigital.com.br\/wp-content\/uploads\/2018\/05\/alonkinstagram-169x300.jpg 169w, https:\/\/diarioregionaldigital.com.br\/wp-content\/uploads\/2018\/05\/alonkinstagram-576x1024.jpg 576w, https:\/\/diarioregionaldigital.com.br\/wp-content\/uploads\/2018\/05\/alonkinstagram-360x640.jpg 360w, https:\/\/diarioregionaldigital.com.br\/wp-content\/uploads\/2018\/05\/alonkinstagram.jpg 720w\" sizes=\"auto, (max-width: 169px) 100vw, 169px\" \/><\/a>\n\t\t\t<\/dt><\/dl><dl class='gallery-item'>\n\t\t\t<dt class='gallery-icon portrait'>\n\t\t\t\t<a href='https:\/\/diarioregionaldigital.com.br\/?attachment_id=104901'><img loading=\"lazy\" decoding=\"async\" width=\"169\" height=\"300\" src=\"https:\/\/diarioregionaldigital.com.br\/wp-content\/uploads\/2018\/05\/alokinstagram-169x300.jpg\" class=\"attachment-medium size-medium\" alt=\"\" srcset=\"https:\/\/diarioregionaldigital.com.br\/wp-content\/uploads\/2018\/05\/alokinstagram-169x300.jpg 169w, https:\/\/diarioregionaldigital.com.br\/wp-content\/uploads\/2018\/05\/alokinstagram-576x1024.jpg 576w, https:\/\/diarioregionaldigital.com.br\/wp-content\/uploads\/2018\/05\/alokinstagram-360x640.jpg 360w, https:\/\/diarioregionaldigital.com.br\/wp-content\/uploads\/2018\/05\/alokinstagram.jpg 720w\" sizes=\"auto, (max-width: 169px) 100vw, 169px\" \/><\/a>\n\t\t\t<\/dt><\/dl><br style=\"clear: both\" \/>\n\t\t<\/div>\n\n<p>Fotos: Reprodu\u00e7\u00e3o \/Alok \/ Instagram<\/p>\n","protected":false},"excerpt":{"rendered":"<p>Um avi\u00e3o que transportava o Dj Alok e integrantes de sua equipe saiu da pista durante sua decolagem na tarde deste domingo, 20, no Aeroporto da Serrinha. O Dj tocou na madrugada deste domingo, na Festa Country. Alok e equipe saiam de Juiz de Fora em dire\u00e7\u00e3o a Bel\u00e9m do Par\u00e1 onde o artista, tem [&hellip;]<\/p>\n","protected":false},"author":96,"featured_media":104886,"comment_status":"closed","ping_status":"closed","sticky":false,"template":"","format":"standard","meta":{"footnotes":""},"categories":[253,440,439],"tags":[],"class_list":["post-104885","post","type-post","status-publish","format-standard","has-post-thumbnail","hentry","category-cidade","category-destaques-do-dia","category-ultima-hora"],"_links":{"self":[{"href":"https:\/\/diarioregionaldigital.com.br\/index.php?rest_route=\/wp\/v2\/posts\/104885","targetHints":{"allow":["GET"]}}],"collection":[{"href":"https:\/\/diarioregionaldigital.com.br\/index.php?rest_route=\/wp\/v2\/posts"}],"about":[{"href":"https:\/\/diarioregionaldigital.com.br\/index.php?rest_route=\/wp\/v2\/types\/post"}],"author":[{"embeddable":true,"href":"https:\/\/diarioregionaldigital.com.br\/index.php?rest_route=\/wp\/v2\/users\/96"}],"replies":[{"embeddable":true,"href":"https:\/\/diarioregionaldigital.com.br\/index.php?rest_route=%2Fwp%2Fv2%2Fcomments&post=104885"}],"version-history":[{"count":0,"href":"https:\/\/diarioregionaldigital.com.br\/index.php?rest_route=\/wp\/v2\/posts\/104885\/revisions"}],"wp:featuredmedia":[{"embeddable":true,"href":"https:\/\/diarioregionaldigital.com.br\/index.php?rest_route=\/wp\/v2\/media\/104886"}],"wp:attachment":[{"href":"https:\/\/diarioregionaldigital.com.br\/index.php?rest_route=%2Fwp%2Fv2%2Fmedia&parent=104885"}],"wp:term":[{"taxonomy":"category","embeddable":true,"href":"https:\/\/diarioregionaldigital.com.br\/index.php?rest_route=%2Fwp%2Fv2%2Fcategories&post=104885"},{"taxonomy":"post_tag","embeddable":true,"href":"https:\/\/diarioregionaldigital.com.br\/index.php?rest_route=%2Fwp%2Fv2%2Ftags&post=104885"}],"curies":[{"name":"wp","href":"https:\/\/api.w.org\/{rel}","templated":true}]}}