{"id":104788,"date":"2018-05-20T06:00:52","date_gmt":"2018-05-20T09:00:52","guid":{"rendered":"http:\/\/diarioregionaljf.com.br\/?p=104788"},"modified":"2018-08-13T20:28:45","modified_gmt":"2018-08-13T23:28:45","slug":"prefeitura-municipal-de-santana-do-deserto-20-05-18","status":"publish","type":"post","link":"https:\/\/diarioregionaldigital.com.br\/?p=104788","title":{"rendered":"Prefeitura Municipal De Santana Do Deserto 20\/05\/18"},"content":{"rendered":"<p style=\"text-align: center;\"><strong>PREFEITURA MUNICIPAL DE SANTANA DO DESERTO<\/strong><\/p>\n<p style=\"text-align: center;\"><strong>DECRETO n\u00ba 2260 18 DE MAIO DE 2018<\/strong><\/p>\n<p style=\"text-align: center;\"><strong><em>\u201cDeclara de utilidade p\u00fablica e de interesse social o im\u00f3vel que indica e d\u00e1 outras provid\u00eancias.\u201d<\/em><\/strong><\/p>\n<p><strong>O PREFEITO DO MUNIC\u00cdPIO DE SANTANA DO DESERTO<\/strong>, Estado de Minas Gerais, no uso de suas atribui\u00e7\u00f5es legais e nos dispostos no art. 7\u00ba XVII, 63V e 88, I, \u201ce\u201d da Lei Org\u00e2nica do Munic\u00edpio c\/c art. 2\u00ba e al\u00ednea \u201ci\u201d do art. 5\u00ba Do Decreto \u2013 Lei n\u00ba 3.365 de 21 de junho de 1941 e<\/p>\n<p><em>\u201cConsiderando, a prescri\u00e7\u00e3o normativa descrita nas al\u00edneas \u201ci\u201d e \u201cm\u201d ambas do art. 5\u00ba do Decreto \u2013 Lei n\u00ba 3.365 de 21 de junho de 1941, que consideram de utilidade p\u00fablica a abertura, conserva\u00e7\u00e3o e melhoramento de vias ou logradouros p\u00fablicos: a execu\u00e7\u00e3o de planos de urbaniza\u00e7\u00e3o; o parcelamento do solo, com ou sem edifica\u00e7\u00e3o, para a sua melhor utiliza\u00e7\u00e3o econ\u00f4mica ou est\u00e9tica, constru\u00e7\u00e3o de pr\u00e9dios p\u00fablicos e principalmente para a implanta\u00e7\u00e3o de loteamento de interesse social (habita\u00e7\u00e3o popular), bem como implanta\u00e7\u00e3o do programa de incentivo ao desenvolvimento industrial.\u201d<\/em><\/p>\n<p style=\"text-align: center;\"><strong>DECRETA<\/strong><\/p>\n<p><strong>Art. 1\u00ba &#8211; <\/strong>Fica declarado de utilidade p\u00fablica e de interesse social, para fins de atendimento das disposi\u00e7\u00f5es contidas no Decreto Lei n\u00ba 3.365\/41: <em>uma \u00e1rea de terreno situado Bairro das Flores, Munic\u00edpio de Santana do Deserto-MG, devidamente registrado no livro 2-, fls. 039\/040Matr\u00edcula n\u00ba 957, no Cart\u00f3rio de Registro de Im\u00f3veis da Comarca de Matias Barbosa- MG, medindo 06 hectares 19 ares e 52 centiares (61.952,00m\u00b2), confrontando pela frente com a estrada municipal com dimens\u00e3o de 532,00m, \u00a0avaliado em R$100.052,48 (cem mil e cinquenta e dois reais e quarenta e oito centavos). <\/em><\/p>\n<p><strong>Art. 2\u00ba &#8211; <\/strong>A \u00e1rea declarada de utilidade p\u00fablica e de interesse social destina-se \u00e0 execu\u00e7\u00e3o de plano de urbaniza\u00e7\u00e3o, parcelamento do solo municipal e em especial implanta\u00e7\u00e3o de loteamento de interesse social (habita\u00e7\u00e3o popular), bem como implanta\u00e7\u00e3o do programa de incentivo ao desenvolvimento industrial.<\/p>\n<p><strong>Art. 3\u00ba &#8211;<\/strong> Fica o setor jur\u00eddico da Prefeitura Municipal autorizado a proceder, por via amig\u00e1vel ou judicial, mediante pr\u00e9via avalia\u00e7\u00e3o, a desapropria\u00e7\u00e3o prevista neste Decreto.<\/p>\n<p><strong>Art. 4\u00ba &#8211; <\/strong>As despesas decorrentes deste Decreto correr\u00e3o \u00e0 conta da dota\u00e7\u00e3o pr\u00f3pria consignada no or\u00e7amento vigente.<\/p>\n<p><strong>Art. 5\u00ba<\/strong> &#8211; Este decreto entra em vigor na data de sua publica\u00e7\u00e3o.<\/p>\n<p><strong>Art. 6\u00ba &#8211;<\/strong> Registre-se, afixe-se e cumpra-se.<\/p>\n<p style=\"text-align: center;\">Santana do Deserto, 18 de maio de 2018<\/p>\n<p style=\"text-align: center;\"><strong>WALACE SEBASTI\u00c3O VASCONCELOS LEITE<\/strong><\/p>\n<p style=\"text-align: center;\"><strong>Prefeito Municipal<\/strong><\/p>\n","protected":false},"excerpt":{"rendered":"<p>PREFEITURA MUNICIPAL DE SANTANA DO DESERTO DECRETO n\u00ba 2260 18 DE MAIO DE 2018 \u201cDeclara de utilidade p\u00fablica e de interesse social o im\u00f3vel que indica e d\u00e1 outras provid\u00eancias.\u201d O PREFEITO DO MUNIC\u00cdPIO DE SANTANA DO DESERTO, Estado de Minas Gerais, no uso de suas atribui\u00e7\u00f5es legais e nos dispostos no art. 7\u00ba XVII, [&hellip;]<\/p>\n","protected":false},"author":96,"featured_media":0,"comment_status":"closed","ping_status":"closed","sticky":false,"template":"","format":"standard","meta":{"footnotes":""},"categories":[307],"tags":[],"class_list":["post-104788","post","type-post","status-publish","format-standard","hentry","category-editais"],"_links":{"self":[{"href":"https:\/\/diarioregionaldigital.com.br\/index.php?rest_route=\/wp\/v2\/posts\/104788","targetHints":{"allow":["GET"]}}],"collection":[{"href":"https:\/\/diarioregionaldigital.com.br\/index.php?rest_route=\/wp\/v2\/posts"}],"about":[{"href":"https:\/\/diarioregionaldigital.com.br\/index.php?rest_route=\/wp\/v2\/types\/post"}],"author":[{"embeddable":true,"href":"https:\/\/diarioregionaldigital.com.br\/index.php?rest_route=\/wp\/v2\/users\/96"}],"replies":[{"embeddable":true,"href":"https:\/\/diarioregionaldigital.com.br\/index.php?rest_route=%2Fwp%2Fv2%2Fcomments&post=104788"}],"version-history":[{"count":0,"href":"https:\/\/diarioregionaldigital.com.br\/index.php?rest_route=\/wp\/v2\/posts\/104788\/revisions"}],"wp:attachment":[{"href":"https:\/\/diarioregionaldigital.com.br\/index.php?rest_route=%2Fwp%2Fv2%2Fmedia&parent=104788"}],"wp:term":[{"taxonomy":"category","embeddable":true,"href":"https:\/\/diarioregionaldigital.com.br\/index.php?rest_route=%2Fwp%2Fv2%2Fcategories&post=104788"},{"taxonomy":"post_tag","embeddable":true,"href":"https:\/\/diarioregionaldigital.com.br\/index.php?rest_route=%2Fwp%2Fv2%2Ftags&post=104788"}],"curies":[{"name":"wp","href":"https:\/\/api.w.org\/{rel}","templated":true}]}}