{"id":104750,"date":"2018-05-20T06:00:49","date_gmt":"2018-05-20T09:00:49","guid":{"rendered":"http:\/\/diarioregionaljf.com.br\/?p=104750"},"modified":"2018-05-18T18:30:43","modified_gmt":"2018-05-18T21:30:43","slug":"onde-pinga-a-ultima-gota","status":"publish","type":"post","link":"https:\/\/diarioregionaldigital.com.br\/?p=104750","title":{"rendered":"ONDE PINGA A \u00daLTIMA GOTA?"},"content":{"rendered":"<p>Voc\u00ea j\u00e1 reparou que toda \u00e1rea do conhecimento tem perguntas quase insol\u00faveis?<br \/>\nDa alta gastronomia, por exemplo, h\u00e1 o famoso questionamento: vende mais por que \u00e9 mais fresquinho ou \u00e9 mais fresquinho por que vende mais?<br \/>\nDa ci\u00eancia biol\u00f3gica profunda temos: quem nasceu primeiro., o ovo ou a galinha?<br \/>\nOs antigos mestres Zen utilizavam os koans, um tipo de pergunta \u201cinsol\u00favel\u201d que faziam para interromper o fluxo de respostas prontas. Isso aproximava seus disc\u00edpulos da \u201cilumina\u00e7\u00e3o espiritual\u201d.<br \/>\nUm dos mais famosos koans \u00e9: \u201cBatendo as duas m\u00e3o uma na outra temos o som de palmas\u2026 qual seria o som de uma m\u00e3o sozinha\u201d?<br \/>\nMas o que o Zen, o biscoito e o ovo da galinha t\u00eam a ver com um artigo de Arquitetura?<br \/>\nA Arquitetura e a constru\u00e7\u00e3o tamb\u00e9m tem seus koans: se deixo a pintura para o fim, ela respingar\u00e1 no piso de madeira;\u00a0se deixo o piso por \u00falyimo, sua instala\u00e7\u00e3o sujar\u00e1 a pintura\u2026 o que deixar, ent\u00e3o, por \u00faltimo?<br \/>\nSe voc\u00ea j\u00e1 fez pequenas reformas sem d\u00favidas se deparou com o seguinte koan: o pintor depende do gesseiro, que depende do eletricista, que depende do gesseiro, que depende\u2026 Quem chamar primeiro?<br \/>\nEnquanto se matuta, a obra que tinha a previs\u00e3o para durar apenas uma semana: dura, dura, dura\u2026<br \/>\nQuem j\u00e1 passou por essas situa\u00e7\u00f5es me responda: a paci\u00eancia que precisamos ter para essa espera nos aproxima da ilumina\u00e7\u00e3o, n\u00e3o \u00e9 mesmo? Mesmo sem eletricista!<br \/>\nLidar com obra \u00e9 ou n\u00e3o \u00e9 mais dif\u00edcil do que os koans dos mestres Zen?<br \/>\nKoans \u00e0 parte, minha sugest\u00e3o para resolver a quest\u00e3o da obra \u00e9 inici\u00e1-la por um projeto consistente, com planejamento, etapas e prazos bem definidos. Um bom arquiteto e\/ou engenheiro s\u00e3o os profissionais mais indicados para isso.<\/p>\n<hr \/>\n<p style=\"text-align: center;\"><span style=\"font-size: 18pt;\">PISO x PINTURA<\/span><\/p>\n<p>Se a escolha for colocar pisos laminados de madeira ou pisos vin\u00edlicos, a melhor op\u00e7\u00e3o \u00e9 pintar toda a casa primeiro. A instala\u00e7\u00e3o desses pisos \u00e9 muito r\u00e1pida (dois a tr\u00eas c\u00f4modos por dia) e por ser feita atrav\u00e9s de encaixe ou colagem raramente danifica a pintura.<\/p>\n<p><img loading=\"lazy\" decoding=\"async\" class=\"alignnone size-full wp-image-104754\" src=\"http:\/\/diarioregionaljf.com.br\/wp-content\/uploads\/2018\/05\/piso-vinilico-ou-laminado-6-dicas-para-voce-acertar-na-escolha.jpeg\" alt=\"\" width=\"1000\" height=\"667\" srcset=\"https:\/\/diarioregionaldigital.com.br\/wp-content\/uploads\/2018\/05\/piso-vinilico-ou-laminado-6-dicas-para-voce-acertar-na-escolha.jpeg 1000w, https:\/\/diarioregionaldigital.com.br\/wp-content\/uploads\/2018\/05\/piso-vinilico-ou-laminado-6-dicas-para-voce-acertar-na-escolha-300x200.jpeg 300w, https:\/\/diarioregionaldigital.com.br\/wp-content\/uploads\/2018\/05\/piso-vinilico-ou-laminado-6-dicas-para-voce-acertar-na-escolha-768x512.jpeg 768w, https:\/\/diarioregionaldigital.com.br\/wp-content\/uploads\/2018\/05\/piso-vinilico-ou-laminado-6-dicas-para-voce-acertar-na-escolha-360x240.jpeg 360w\" sizes=\"auto, (max-width: 1000px) 100vw, 1000px\" \/><\/p>\n<p>&nbsp;<\/p>\n<p><img loading=\"lazy\" decoding=\"async\" class=\"alignnone size-full wp-image-104755\" src=\"http:\/\/diarioregionaljf.com.br\/wp-content\/uploads\/2018\/05\/mao-de-obra-piso-vinilico-600x600.jpg\" alt=\"\" width=\"600\" height=\"600\" srcset=\"https:\/\/diarioregionaldigital.com.br\/wp-content\/uploads\/2018\/05\/mao-de-obra-piso-vinilico-600x600.jpg 600w, https:\/\/diarioregionaldigital.com.br\/wp-content\/uploads\/2018\/05\/mao-de-obra-piso-vinilico-600x600-150x150.jpg 150w, https:\/\/diarioregionaldigital.com.br\/wp-content\/uploads\/2018\/05\/mao-de-obra-piso-vinilico-600x600-300x300.jpg 300w, https:\/\/diarioregionaldigital.com.br\/wp-content\/uploads\/2018\/05\/mao-de-obra-piso-vinilico-600x600-180x180.jpg 180w, https:\/\/diarioregionaldigital.com.br\/wp-content\/uploads\/2018\/05\/mao-de-obra-piso-vinilico-600x600-120x120.jpg 120w, https:\/\/diarioregionaldigital.com.br\/wp-content\/uploads\/2018\/05\/mao-de-obra-piso-vinilico-600x600-360x360.jpg 360w, https:\/\/diarioregionaldigital.com.br\/wp-content\/uploads\/2018\/05\/mao-de-obra-piso-vinilico-600x600-80x80.jpg 80w\" sizes=\"auto, (max-width: 600px) 100vw, 600px\" \/><\/p>\n<p>&nbsp;<\/p>\n<p><img loading=\"lazy\" decoding=\"async\" class=\"alignnone size-full wp-image-104756\" src=\"http:\/\/diarioregionaljf.com.br\/wp-content\/uploads\/2018\/05\/maxresdefault.jpg\" alt=\"\" width=\"1280\" height=\"720\" srcset=\"https:\/\/diarioregionaldigital.com.br\/wp-content\/uploads\/2018\/05\/maxresdefault.jpg 1280w, https:\/\/diarioregionaldigital.com.br\/wp-content\/uploads\/2018\/05\/maxresdefault-300x169.jpg 300w, https:\/\/diarioregionaldigital.com.br\/wp-content\/uploads\/2018\/05\/maxresdefault-768x432.jpg 768w, https:\/\/diarioregionaldigital.com.br\/wp-content\/uploads\/2018\/05\/maxresdefault-1024x576.jpg 1024w, https:\/\/diarioregionaldigital.com.br\/wp-content\/uploads\/2018\/05\/maxresdefault-360x203.jpg 360w\" sizes=\"auto, (max-width: 1280px) 100vw, 1280px\" \/><\/p>\n<hr \/>\n<p style=\"text-align: center;\"><span style=\"font-size: 18pt;\">GESSO x INSTALA\u00c7\u00d5ES EL\u00c9TRICAS<\/span><\/p>\n<p>Esses servi\u00e7os s\u00e3o interdependentes e acontecem em ondas: o eletricista passa a fia\u00e7\u00e3o no teto, depois entra o rebaixamento de gesso, depois o eletricista com as lumin\u00e1rias, depois o gesseiro para tampar alguns furos. Para minimizar esse problema alguns gesseiros j\u00e1 contam com pintores e eletricistas em sua equipe.\u00a0Assim, se voc\u00ea n\u00e3o \u00e9 Zen, mas tamb\u00e9m n\u00e3o quer ficar \u201czen\u201d paci\u00eancia, \u201czen\u201d humor e nem \u201czen\u201d dinheiro antes do fim da obra, procure os profissionais corretos para cada etapa.<br \/>\nMais dicas de arquitetura e a solu\u00e7\u00e3o daquele famoso koan Zen colocado no in\u00edcio desse artigo, acesse: www.facebook.com\/fengshuidefinitivo<\/p>\n<p><img loading=\"lazy\" decoding=\"async\" class=\"alignnone size-full wp-image-104757\" src=\"http:\/\/diarioregionaljf.com.br\/wp-content\/uploads\/2018\/05\/shutterstock_217231396.jpg\" alt=\"\" width=\"580\" height=\"387\" srcset=\"https:\/\/diarioregionaldigital.com.br\/wp-content\/uploads\/2018\/05\/shutterstock_217231396.jpg 580w, https:\/\/diarioregionaldigital.com.br\/wp-content\/uploads\/2018\/05\/shutterstock_217231396-300x200.jpg 300w, https:\/\/diarioregionaldigital.com.br\/wp-content\/uploads\/2018\/05\/shutterstock_217231396-360x240.jpg 360w\" sizes=\"auto, (max-width: 580px) 100vw, 580px\" \/><\/p>\n<p style=\"text-align: center;\"><strong>PARA SUGEST\u00d5ES OU INFORMA\u00c7\u00d5ES:<\/strong><br \/>\n<strong>Fabiano Teixeira | Arquiteto | (32) 99103-1405<\/strong><\/p>\n<p>&nbsp;<\/p>\n","protected":false},"excerpt":{"rendered":"<p>Voc\u00ea j\u00e1 reparou que toda \u00e1rea do conhecimento tem perguntas quase insol\u00faveis? Da alta gastronomia, por exemplo, h\u00e1 o famoso questionamento: vende mais por que \u00e9 mais fresquinho ou \u00e9 mais fresquinho por que vende mais? Da ci\u00eancia biol\u00f3gica profunda temos: quem nasceu primeiro., o ovo ou a galinha? Os antigos mestres Zen utilizavam os [&hellip;]<\/p>\n","protected":false},"author":96,"featured_media":104753,"comment_status":"closed","ping_status":"closed","sticky":false,"template":"","format":"standard","meta":{"footnotes":""},"categories":[287],"tags":[],"class_list":["post-104750","post","type-post","status-publish","format-standard","has-post-thumbnail","hentry","category-arquitetura-fabiano-teixeira"],"_links":{"self":[{"href":"https:\/\/diarioregionaldigital.com.br\/index.php?rest_route=\/wp\/v2\/posts\/104750","targetHints":{"allow":["GET"]}}],"collection":[{"href":"https:\/\/diarioregionaldigital.com.br\/index.php?rest_route=\/wp\/v2\/posts"}],"about":[{"href":"https:\/\/diarioregionaldigital.com.br\/index.php?rest_route=\/wp\/v2\/types\/post"}],"author":[{"embeddable":true,"href":"https:\/\/diarioregionaldigital.com.br\/index.php?rest_route=\/wp\/v2\/users\/96"}],"replies":[{"embeddable":true,"href":"https:\/\/diarioregionaldigital.com.br\/index.php?rest_route=%2Fwp%2Fv2%2Fcomments&post=104750"}],"version-history":[{"count":0,"href":"https:\/\/diarioregionaldigital.com.br\/index.php?rest_route=\/wp\/v2\/posts\/104750\/revisions"}],"wp:featuredmedia":[{"embeddable":true,"href":"https:\/\/diarioregionaldigital.com.br\/index.php?rest_route=\/wp\/v2\/media\/104753"}],"wp:attachment":[{"href":"https:\/\/diarioregionaldigital.com.br\/index.php?rest_route=%2Fwp%2Fv2%2Fmedia&parent=104750"}],"wp:term":[{"taxonomy":"category","embeddable":true,"href":"https:\/\/diarioregionaldigital.com.br\/index.php?rest_route=%2Fwp%2Fv2%2Fcategories&post=104750"},{"taxonomy":"post_tag","embeddable":true,"href":"https:\/\/diarioregionaldigital.com.br\/index.php?rest_route=%2Fwp%2Fv2%2Ftags&post=104750"}],"curies":[{"name":"wp","href":"https:\/\/api.w.org\/{rel}","templated":true}]}}