{"id":104741,"date":"2018-05-20T06:00:29","date_gmt":"2018-05-20T09:00:29","guid":{"rendered":"http:\/\/diarioregionaljf.com.br\/?p=104741"},"modified":"2018-05-18T18:08:04","modified_gmt":"2018-05-18T21:08:04","slug":"quem-e-o-espirito-santo","status":"publish","type":"post","link":"https:\/\/diarioregionaldigital.com.br\/?p=104741","title":{"rendered":"Quem \u00e9 o Esp\u00edrito Santo?"},"content":{"rendered":"<p>Ap\u00f3s 50 dias, a contar da ressurrei\u00e7\u00e3o de Jesus, os Ap\u00f3stolos, reunidos num mesmo lugar, vivenciaram uma experi\u00eancia nova. Vindo sobre eles como que l\u00ednguas de fogo, ap\u00f3s terem sentido no cen\u00e1culo um ru\u00eddo como o de um vento impetuoso, desapareceram-lhes o medo, o des\u00e2nimo e a d\u00favida (Cf. Atos 2, 1-11). De fato, o Senhor Jesus, antes de subir aos c\u00e9us, lhes havia prevenido: \u201cTenho ainda muitas coisas a vos dizer, mas n\u00e3o sois capazes de compreend\u00ea-las agora. Quando ele vier, o Esp\u00edrito da Verdade, vos guiar\u00e1 em toda a verdade\u201d (Jo. 16, 12-13).<\/p>\n<p>Ap\u00f3s aquele Pentecostes, os disc\u00edpulos sa\u00edram da sala da ceia com a certeza inabal\u00e1vel de algumas verdades at\u00e9 ent\u00e3o meio obscuras para eles. N\u00e3o tiveram mais d\u00favidas de que Cristo era o Messias esperado, compreenderam que Jesus humano era tamb\u00e9m de natureza divina, e creram, de forma indubit\u00e1vel, que ele havia ressuscitado dos mortos.\u00a0\u00a0S\u00e3o Cirilo de Jerusal\u00e9m (s\u00e9c. IV) se expressou sobre esta clarivid\u00eancia, da seguinte forma: \u201cQuem se encontra nas trevas, ao nascer do sol recebe nos olhos a sua luz, come\u00e7ando a enxergar claramente coisas que at\u00e9 ent\u00e3o n\u00e3o via.\u00a0\u201d<\/p>\n<p>Destas certezas, passaram a ter comportamento diferenciado do per\u00edodo anterior. De medrosos que eram, a ponto de Pedro, primeiro dos Ap\u00f3stolos, negar seu Mestre diante de uma servente do templo, passaram a atitudes destemidas diante de ju\u00edzes, magistrados, governadores e outros chefes do povo. Nada mais lhes metia medo e nem lhes impedia de pregar em nome de Cristo, nem a dor, nem a espada, nem tribula\u00e7\u00e3o, nem angustia, nem perigo, nem fome (Cf. Rom 8, 35-36).<\/p>\n<p>Como o fogo que se distribui em infinitas chamas sem nada perder de seu calor e de sua luz, nem diminui de sua inteireza e intensidade original, assim o Esp\u00edrito Santo os invadiu por inteiro, dando a cada um acolh\u00ea-lo conforme a sua necessidade pessoal, como expressou S\u00e3o Bas\u00edlio Magno: \u201cO Esp\u00edrito Santo est\u00e1 presente em cada um dos que s\u00e3o capazes de receb\u00ea-lo, como se estivesse nele s\u00f3, e, n\u00e3o obstante, d\u00e1 a todos a totalidade da gra\u00e7a de que necessitam\u201d.<\/p>\n<p>S\u00e3o Paulo escreve aos Cor\u00edntios: \u201cIgnorais, por acaso, que vosso corpo \u00e9 templo do Esp\u00edrito Santo, que mora em v\u00f3s, e que vos \u00e9 dado por Deus? E, portanto, ignorais tamb\u00e9m que v\u00f3s n\u00e3o vos pertenceis a v\u00f3s mesmos?\u00a0\u201d (I Cor. 6, 19)<\/p>\n<p>Como o vento que n\u00e3o se v\u00ea, mas que \u00e9 constitu\u00eddo de for\u00e7a e de aragem, o Esp\u00edrito Santo espalha suas sementes por todos os lugares e d\u00e1 ao fiel a tranquilidade de alma para permanecer no amor e na paz, mesmo quando sopram os ventos da persegui\u00e7\u00e3o e do mart\u00edrio.<\/p>\n<p>O Esp\u00edrito Santo produz, renova e refor\u00e7a a unidade dos que creem e se juntam como irm\u00e3os. Faz cumprir o desejo expresso na longa ora\u00e7\u00e3o de Cristo, antes de se entregar aos soldados de Pilatos, quando orou: \u201cQue todos sejam um, como Tu, Pai, est\u00e1s em mim e eu em Ti\u201d (Jo 17, 21).<\/p>\n<p>Como ensina o Concilio Vaticano II (1962-65)\u00a0o Esp\u00edrito habita na Igreja e nos cora\u00e7\u00f5es dos fi\u00e9is como em um templo. Neles ora e d\u00e1 testemunho da ado\u00e7\u00e3o de filhos. Conduz a Igreja ao conhecimento da verdade total, unifica-a na comunh\u00e3o e nos minist\u00e9rios, ilumina-a com diversos dons carism\u00e1ticos e hier\u00e1rquicos e enriquece-a com seus frutos\u201d\u00a0(Lumen Gentium, 4.12)<\/p>\n<p>No Cen\u00e1culo de Pentecostes, encontrava-se, entre os Ap\u00f3stolos, segundo a narrativa de Lucas no Atos dos Ap\u00f3stolos (Cf. Atos 1, 14), Maria, a m\u00e3e do Senhor que tamb\u00e9m foi novamente inebriada com a for\u00e7a do alto, como acontecera no dia em que o Arcanjo Gabriel lhe anunciou que seria a M\u00e3e do Salvador. L\u00e1 foi concebido o Filho de Deus em seu seio virginal, aqui \u00e9 gerada a Igreja, Corpo M\u00edstico de Cristo. Por este motivo, a Igreja invoca Maria, com o t\u00edtulo de M\u00e3e da Igreja, cuja festa lit\u00fargica, por iniciativa do Papa Francisco, ser\u00e1 celebrada, pela primeira vez, na Segunda-Feira ap\u00f3s o Domingo de Pentecostes.<\/p>\n<p>O Esp\u00edrito Santo \u00e9 a alma da Igreja, a for\u00e7a e a luz de cada fiel.<\/p>\n<p>&nbsp;<\/p>\n","protected":false},"excerpt":{"rendered":"<p>Ap\u00f3s 50 dias, a contar da ressurrei\u00e7\u00e3o de Jesus, os Ap\u00f3stolos, reunidos num mesmo lugar, vivenciaram uma experi\u00eancia nova. Vindo sobre eles como que l\u00ednguas de fogo, ap\u00f3s terem sentido no cen\u00e1culo um ru\u00eddo como o de um vento impetuoso, desapareceram-lhes o medo, o des\u00e2nimo e a d\u00favida (Cf. Atos 2, 1-11). De fato, o [&hellip;]<\/p>\n","protected":false},"author":96,"featured_media":97694,"comment_status":"closed","ping_status":"closed","sticky":false,"template":"","format":"standard","meta":{"footnotes":""},"categories":[276],"tags":[],"class_list":["post-104741","post","type-post","status-publish","format-standard","has-post-thumbnail","hentry","category-dom-gil"],"_links":{"self":[{"href":"https:\/\/diarioregionaldigital.com.br\/index.php?rest_route=\/wp\/v2\/posts\/104741","targetHints":{"allow":["GET"]}}],"collection":[{"href":"https:\/\/diarioregionaldigital.com.br\/index.php?rest_route=\/wp\/v2\/posts"}],"about":[{"href":"https:\/\/diarioregionaldigital.com.br\/index.php?rest_route=\/wp\/v2\/types\/post"}],"author":[{"embeddable":true,"href":"https:\/\/diarioregionaldigital.com.br\/index.php?rest_route=\/wp\/v2\/users\/96"}],"replies":[{"embeddable":true,"href":"https:\/\/diarioregionaldigital.com.br\/index.php?rest_route=%2Fwp%2Fv2%2Fcomments&post=104741"}],"version-history":[{"count":0,"href":"https:\/\/diarioregionaldigital.com.br\/index.php?rest_route=\/wp\/v2\/posts\/104741\/revisions"}],"wp:featuredmedia":[{"embeddable":true,"href":"https:\/\/diarioregionaldigital.com.br\/index.php?rest_route=\/wp\/v2\/media\/97694"}],"wp:attachment":[{"href":"https:\/\/diarioregionaldigital.com.br\/index.php?rest_route=%2Fwp%2Fv2%2Fmedia&parent=104741"}],"wp:term":[{"taxonomy":"category","embeddable":true,"href":"https:\/\/diarioregionaldigital.com.br\/index.php?rest_route=%2Fwp%2Fv2%2Fcategories&post=104741"},{"taxonomy":"post_tag","embeddable":true,"href":"https:\/\/diarioregionaldigital.com.br\/index.php?rest_route=%2Fwp%2Fv2%2Ftags&post=104741"}],"curies":[{"name":"wp","href":"https:\/\/api.w.org\/{rel}","templated":true}]}}