{"id":104654,"date":"2018-05-18T13:18:45","date_gmt":"2018-05-18T16:18:45","guid":{"rendered":"http:\/\/diarioregionaljf.com.br\/?p=104654"},"modified":"2018-05-18T13:22:35","modified_gmt":"2018-05-18T16:22:35","slug":"forcas-policiais-realizam-nova-etapa-da-operacao-divisa-segura","status":"publish","type":"post","link":"https:\/\/diarioregionaldigital.com.br\/?p=104654","title":{"rendered":"For\u00e7as policiais realizam nova etapa da opera\u00e7\u00e3o \u201cDivisa Segura\u201d"},"content":{"rendered":"<p>Nesta sexta-feira, 18, a Pol\u00edcia Civil de Minas Gerais, em conjunto com as for\u00e7as de seguran\u00e7a, realizam a quarta fase da opera\u00e7\u00e3o \u201cDivisa Segura\u201d, a\u00e7\u00e3o policial que visa impedir a entrada de criminosos no estado de Minas Gerais.<\/p>\n<p>Um dos pontos da opera\u00e7\u00e3o \u00e9 a pra\u00e7a de ped\u00e1gio de Sim\u00e3o Pereira. Os agentes de seguran\u00e7a p\u00fablica atuam nas cidades de Sim\u00e3o Pereira, Matias Barbosa, Rio Preto, Chiador, Ub\u00e1, Al\u00e9m Para\u00edba, Pirapetinga, Eugen\u00f3polis, Tombos, Palma e Vi\u00e7osa.<\/p>\n<p>A opera\u00e7\u00e3o na regi\u00e3o, sob \u00e2mbito do 4\u00ba Departamento de Pol\u00edcia Civil em Juiz de Fora, unidade que compreende as Delegacias Regionais de Juiz de Fora, Ub\u00e1, Leopoldina, Muria\u00e9 e Vi\u00e7osa, bem como suas \u00e1reas integradas de seguran\u00e7a p\u00fablica.<\/p>\n<p>Essa etapa conta, mais uma vez, com a presen\u00e7a de uma unidade da Secretaria de Estado de Seguran\u00e7a P\u00fablica, o Centro Integrado de Comando e Controle M\u00f3vel (CICCM). O ve\u00edculo oferece suporte para as institui\u00e7\u00f5es para confeccionar boletins de ocorr\u00eancias, acessar o banco de dados consultando indiv\u00edduos, placas de carros e verificar a exist\u00eancia de mandados de pris\u00e3o em aberto. A unidade conta tamb\u00e9m com c\u00e2meras t\u00e9rmicas e noturnas, capazes de aproximar objetos a uma dist\u00e2ncia de at\u00e9 5 km.<\/p>\n<p>O helic\u00f3ptero da Pol\u00edcia Civil tamb\u00e9m ser\u00e1 utilizado durante a a\u00e7\u00e3o.<\/p>\n<p><img loading=\"lazy\" decoding=\"async\" class=\"alignnone  wp-image-104662\" src=\"http:\/\/diarioregionaljf.com.br\/wp-content\/uploads\/2018\/05\/municipiodesimaopere-300x225.jpg\" alt=\"\" width=\"415\" height=\"311\" srcset=\"https:\/\/diarioregionaldigital.com.br\/wp-content\/uploads\/2018\/05\/municipiodesimaopere-300x225.jpg 300w, https:\/\/diarioregionaldigital.com.br\/wp-content\/uploads\/2018\/05\/municipiodesimaopere-768x576.jpg 768w, https:\/\/diarioregionaldigital.com.br\/wp-content\/uploads\/2018\/05\/municipiodesimaopere-1024x768.jpg 1024w, https:\/\/diarioregionaldigital.com.br\/wp-content\/uploads\/2018\/05\/municipiodesimaopere-360x270.jpg 360w, https:\/\/diarioregionaldigital.com.br\/wp-content\/uploads\/2018\/05\/municipiodesimaopere.jpg 1152w\" sizes=\"auto, (max-width: 415px) 100vw, 415px\" \/><\/p>\n<p><img loading=\"lazy\" decoding=\"async\" class=\"alignnone  wp-image-104663\" src=\"http:\/\/diarioregionaljf.com.br\/wp-content\/uploads\/2018\/05\/municipiodesimaoperei-300x225.jpg\" alt=\"\" width=\"416\" height=\"312\" srcset=\"https:\/\/diarioregionaldigital.com.br\/wp-content\/uploads\/2018\/05\/municipiodesimaoperei-300x225.jpg 300w, https:\/\/diarioregionaldigital.com.br\/wp-content\/uploads\/2018\/05\/municipiodesimaoperei-768x576.jpg 768w, https:\/\/diarioregionaldigital.com.br\/wp-content\/uploads\/2018\/05\/municipiodesimaoperei-1024x768.jpg 1024w, https:\/\/diarioregionaldigital.com.br\/wp-content\/uploads\/2018\/05\/municipiodesimaoperei-360x270.jpg 360w, https:\/\/diarioregionaldigital.com.br\/wp-content\/uploads\/2018\/05\/municipiodesimaoperei.jpg 1152w\" sizes=\"auto, (max-width: 416px) 100vw, 416px\" \/><\/p>\n<p>Fonte: Assessoria \/ PC<\/p>\n","protected":false},"excerpt":{"rendered":"<p>Nesta sexta-feira, 18, a Pol\u00edcia Civil de Minas Gerais, em conjunto com as for\u00e7as de seguran\u00e7a, realizam a quarta fase da opera\u00e7\u00e3o \u201cDivisa Segura\u201d, a\u00e7\u00e3o policial que visa impedir a entrada de criminosos no estado de Minas Gerais. Um dos pontos da opera\u00e7\u00e3o \u00e9 a pra\u00e7a de ped\u00e1gio de Sim\u00e3o Pereira. Os agentes de seguran\u00e7a [&hellip;]<\/p>\n","protected":false},"author":96,"featured_media":104657,"comment_status":"closed","ping_status":"closed","sticky":false,"template":"","format":"standard","meta":{"footnotes":""},"categories":[436,440,252,439],"tags":[],"class_list":["post-104654","post","type-post","status-publish","format-standard","has-post-thumbnail","hentry","category-destaque-da-semana","category-destaques-do-dia","category-regiao","category-ultima-hora"],"_links":{"self":[{"href":"https:\/\/diarioregionaldigital.com.br\/index.php?rest_route=\/wp\/v2\/posts\/104654","targetHints":{"allow":["GET"]}}],"collection":[{"href":"https:\/\/diarioregionaldigital.com.br\/index.php?rest_route=\/wp\/v2\/posts"}],"about":[{"href":"https:\/\/diarioregionaldigital.com.br\/index.php?rest_route=\/wp\/v2\/types\/post"}],"author":[{"embeddable":true,"href":"https:\/\/diarioregionaldigital.com.br\/index.php?rest_route=\/wp\/v2\/users\/96"}],"replies":[{"embeddable":true,"href":"https:\/\/diarioregionaldigital.com.br\/index.php?rest_route=%2Fwp%2Fv2%2Fcomments&post=104654"}],"version-history":[{"count":0,"href":"https:\/\/diarioregionaldigital.com.br\/index.php?rest_route=\/wp\/v2\/posts\/104654\/revisions"}],"wp:featuredmedia":[{"embeddable":true,"href":"https:\/\/diarioregionaldigital.com.br\/index.php?rest_route=\/wp\/v2\/media\/104657"}],"wp:attachment":[{"href":"https:\/\/diarioregionaldigital.com.br\/index.php?rest_route=%2Fwp%2Fv2%2Fmedia&parent=104654"}],"wp:term":[{"taxonomy":"category","embeddable":true,"href":"https:\/\/diarioregionaldigital.com.br\/index.php?rest_route=%2Fwp%2Fv2%2Fcategories&post=104654"},{"taxonomy":"post_tag","embeddable":true,"href":"https:\/\/diarioregionaldigital.com.br\/index.php?rest_route=%2Fwp%2Fv2%2Ftags&post=104654"}],"curies":[{"name":"wp","href":"https:\/\/api.w.org\/{rel}","templated":true}]}}