{"id":104638,"date":"2018-05-18T12:10:09","date_gmt":"2018-05-18T15:10:09","guid":{"rendered":"http:\/\/diarioregionaljf.com.br\/?p=104638"},"modified":"2018-05-18T12:10:09","modified_gmt":"2018-05-18T15:10:09","slug":"tres-armas-de-fogo-sao-apreendidas-pela-pm-em-menos-de-uma-hora","status":"publish","type":"post","link":"https:\/\/diarioregionaldigital.com.br\/?p=104638","title":{"rendered":"Tr\u00eas armas de fogo s\u00e3o apreendidas pela PM em menos de uma hora"},"content":{"rendered":"<p>A Pol\u00edcia Militar (PM) apreendeu tr\u00eas armas de fogo em menos uma hora na manh\u00e3 dessa quinta-feira, 17. Os materiais foram localizados em dois bairros diferentes de Juiz de Fora.<\/p>\n<p>No Marumbi, zona Norte da cidade, os militares apreenderam uma espingarda calibre 22. De acordo com a Pol\u00edcia Militar (PM), a arma foi encontrada durante averigua\u00e7\u00e3o de informa\u00e7\u00f5es recebidas via den\u00fancia an\u00f4nima. Um homem de 56 anos foi detido e encaminhado \u00e0 delegacia. Ele alegou que a espingarda pertencia \u00e0 seu pai.<\/p>\n<p>J\u00e1 no bairro Linhares, duas pistolas de air soft foram encontradas jogadas no ch\u00e3o na Rua da Passagem. Os policiais compareceram ao local ap\u00f3s recebimento de den\u00fancia an\u00f4nima informando que dois indiv\u00edduos estariam em atitude suspeita e exibindo uma arma de fogo.<\/p>\n<p>As armas foram apreendidas e entregues \u00e0 autoridade policial, n\u00e3o sendo poss\u00edvel identificar a propriedade das mesmas.<\/p>\n","protected":false},"excerpt":{"rendered":"<p>A Pol\u00edcia Militar (PM) apreendeu tr\u00eas armas de fogo em menos uma hora na manh\u00e3 dessa quinta-feira, 17. Os materiais foram localizados em dois bairros diferentes de Juiz de Fora. No Marumbi, zona Norte da cidade, os militares apreenderam uma espingarda calibre 22. De acordo com a Pol\u00edcia Militar (PM), a arma foi encontrada durante [&hellip;]<\/p>\n","protected":false},"author":96,"featured_media":97342,"comment_status":"closed","ping_status":"closed","sticky":false,"template":"","format":"standard","meta":{"footnotes":""},"categories":[301,439],"tags":[],"class_list":["post-104638","post","type-post","status-publish","format-standard","has-post-thumbnail","hentry","category-artigos-policiais","category-ultima-hora"],"_links":{"self":[{"href":"https:\/\/diarioregionaldigital.com.br\/index.php?rest_route=\/wp\/v2\/posts\/104638","targetHints":{"allow":["GET"]}}],"collection":[{"href":"https:\/\/diarioregionaldigital.com.br\/index.php?rest_route=\/wp\/v2\/posts"}],"about":[{"href":"https:\/\/diarioregionaldigital.com.br\/index.php?rest_route=\/wp\/v2\/types\/post"}],"author":[{"embeddable":true,"href":"https:\/\/diarioregionaldigital.com.br\/index.php?rest_route=\/wp\/v2\/users\/96"}],"replies":[{"embeddable":true,"href":"https:\/\/diarioregionaldigital.com.br\/index.php?rest_route=%2Fwp%2Fv2%2Fcomments&post=104638"}],"version-history":[{"count":0,"href":"https:\/\/diarioregionaldigital.com.br\/index.php?rest_route=\/wp\/v2\/posts\/104638\/revisions"}],"wp:featuredmedia":[{"embeddable":true,"href":"https:\/\/diarioregionaldigital.com.br\/index.php?rest_route=\/wp\/v2\/media\/97342"}],"wp:attachment":[{"href":"https:\/\/diarioregionaldigital.com.br\/index.php?rest_route=%2Fwp%2Fv2%2Fmedia&parent=104638"}],"wp:term":[{"taxonomy":"category","embeddable":true,"href":"https:\/\/diarioregionaldigital.com.br\/index.php?rest_route=%2Fwp%2Fv2%2Fcategories&post=104638"},{"taxonomy":"post_tag","embeddable":true,"href":"https:\/\/diarioregionaldigital.com.br\/index.php?rest_route=%2Fwp%2Fv2%2Ftags&post=104638"}],"curies":[{"name":"wp","href":"https:\/\/api.w.org\/{rel}","templated":true}]}}