{"id":104629,"date":"2018-05-18T11:37:43","date_gmt":"2018-05-18T14:37:43","guid":{"rendered":"http:\/\/diarioregionaljf.com.br\/?p=104629"},"modified":"2018-05-18T11:38:40","modified_gmt":"2018-05-18T14:38:40","slug":"taxista-e-assaltado-a-mao-armada-no-benfica","status":"publish","type":"post","link":"https:\/\/diarioregionaldigital.com.br\/?p=104629","title":{"rendered":"Taxista \u00e9 assaltado a m\u00e3o armada no Benfica"},"content":{"rendered":"<p>Um taxista de 70 anos foi assaltado por dois indiv\u00edduos, um deles armado, no bairro Benfica, zona Norte, na manh\u00e3 dessa quinta-feira, 17.<\/p>\n<p>De acordo com o Boletim de Ocorr\u00eancia (BO) da Pol\u00edcia Militar (PM), o idoso relatou que foi contratado pela dupla para fazer uma corrida. Durante o trajeto, um dos autores, portando um rev\u00f3lver, anunciou o assalto. Os homens roubaram R$110 e fugiram no sentido \u00e0 sede da Ceasa.<\/p>\n<p>Os policiais militares iniciaram rastreamento e localizaram um dos autores, um jovem de 21 anos. A v\u00edtima reconheceu o suspeito, que foi preso e conduzido \u00e0 delegacia.<\/p>\n<p>&nbsp;<\/p>\n<p><span style=\"font-size: 12pt;\"><strong>NO CENTRO<\/strong><\/span><\/p>\n<p>No bairro S\u00e3o Mateus, zona Sul da cidade, um rapaz de 21 anos foi assaltado por dois indiv\u00edduos armados com facas. Segundo informa\u00e7\u00f5es do BO, a v\u00edtima transitava pela Rua Lu\u00eds de Cam\u00f5es quando foi abordada pelos autores, que fugiram levando o celular, a carteira e a mochila do jovem.<\/p>\n","protected":false},"excerpt":{"rendered":"<p>Um taxista de 70 anos foi assaltado por dois indiv\u00edduos, um deles armado, no bairro Benfica, zona Norte, na manh\u00e3 dessa quinta-feira, 17. De acordo com o Boletim de Ocorr\u00eancia (BO) da Pol\u00edcia Militar (PM), o idoso relatou que foi contratado pela dupla para fazer uma corrida. Durante o trajeto, um dos autores, portando um [&hellip;]<\/p>\n","protected":false},"author":96,"featured_media":95836,"comment_status":"closed","ping_status":"closed","sticky":false,"template":"","format":"standard","meta":{"footnotes":""},"categories":[301,439],"tags":[],"class_list":["post-104629","post","type-post","status-publish","format-standard","has-post-thumbnail","hentry","category-artigos-policiais","category-ultima-hora"],"_links":{"self":[{"href":"https:\/\/diarioregionaldigital.com.br\/index.php?rest_route=\/wp\/v2\/posts\/104629","targetHints":{"allow":["GET"]}}],"collection":[{"href":"https:\/\/diarioregionaldigital.com.br\/index.php?rest_route=\/wp\/v2\/posts"}],"about":[{"href":"https:\/\/diarioregionaldigital.com.br\/index.php?rest_route=\/wp\/v2\/types\/post"}],"author":[{"embeddable":true,"href":"https:\/\/diarioregionaldigital.com.br\/index.php?rest_route=\/wp\/v2\/users\/96"}],"replies":[{"embeddable":true,"href":"https:\/\/diarioregionaldigital.com.br\/index.php?rest_route=%2Fwp%2Fv2%2Fcomments&post=104629"}],"version-history":[{"count":0,"href":"https:\/\/diarioregionaldigital.com.br\/index.php?rest_route=\/wp\/v2\/posts\/104629\/revisions"}],"wp:featuredmedia":[{"embeddable":true,"href":"https:\/\/diarioregionaldigital.com.br\/index.php?rest_route=\/wp\/v2\/media\/95836"}],"wp:attachment":[{"href":"https:\/\/diarioregionaldigital.com.br\/index.php?rest_route=%2Fwp%2Fv2%2Fmedia&parent=104629"}],"wp:term":[{"taxonomy":"category","embeddable":true,"href":"https:\/\/diarioregionaldigital.com.br\/index.php?rest_route=%2Fwp%2Fv2%2Fcategories&post=104629"},{"taxonomy":"post_tag","embeddable":true,"href":"https:\/\/diarioregionaldigital.com.br\/index.php?rest_route=%2Fwp%2Fv2%2Ftags&post=104629"}],"curies":[{"name":"wp","href":"https:\/\/api.w.org\/{rel}","templated":true}]}}