{"id":104289,"date":"2018-05-16T19:29:45","date_gmt":"2018-05-16T22:29:45","guid":{"rendered":"http:\/\/diarioregionaljf.com.br\/?p=104289"},"modified":"2018-05-16T19:29:45","modified_gmt":"2018-05-16T22:29:45","slug":"bar-do-torresmo-e-o-grande-vencedor-do-comida-di-buteco-2018","status":"publish","type":"post","link":"https:\/\/diarioregionaldigital.com.br\/?p=104289","title":{"rendered":"Bar do Torresmo \u00e9 o grande vencedor do Comida di Buteco 2018"},"content":{"rendered":"<div class=\"mceTemp\"><\/div>\n<p>O Bar do Torresmo foi o grande campe\u00e3o do Comida di Buteco de 2018, com prato \u201cMoelinha \u00e0 Moda de Buteco\u201d (moelinha com batatas portuguesas e torradas). O resultado foi divulgado na noite desta ter\u00e7a-feira, 15, em cerim\u00f4nia realizada no Gran Victory Hotel, que revelou os vencedores entre os 20 bares participantes da competi\u00e7\u00e3o que durou tr\u00eas semanas em Juiz de Fora.<\/p>\n<p>Com o resultado, o campe\u00e3o Bar do Torresmo enfrentar\u00e1 a disputa nacional do concurso que acontece em junho. No qual ainda ser\u00e1 avaliado por uma comiss\u00e3o de jurados, escolhida especificamente para esse momento, nas mesmas quatro categorias: atendimento, higiene do local e a temperatura das bebidas servidas.<\/p>\n<div id=\"attachment_104380\" style=\"width: 483px\" class=\"wp-caption aligncenter\"><img loading=\"lazy\" decoding=\"async\" aria-describedby=\"caption-attachment-104380\" class=\"wp-image-104380\" src=\"http:\/\/diarioregionaljf.com.br\/wp-content\/uploads\/2018\/05\/campeaocomidadeboteco-300x200.jpg\" alt=\"\" width=\"473\" height=\"315\" srcset=\"https:\/\/diarioregionaldigital.com.br\/wp-content\/uploads\/2018\/05\/campeaocomidadeboteco-300x200.jpg 300w, https:\/\/diarioregionaldigital.com.br\/wp-content\/uploads\/2018\/05\/campeaocomidadeboteco-768x512.jpg 768w, https:\/\/diarioregionaldigital.com.br\/wp-content\/uploads\/2018\/05\/campeaocomidadeboteco-360x240.jpg 360w, https:\/\/diarioregionaldigital.com.br\/wp-content\/uploads\/2018\/05\/campeaocomidadeboteco.jpg 800w\" sizes=\"auto, (max-width: 473px) 100vw, 473px\" \/><p id=\"caption-attachment-104380\" class=\"wp-caption-text\">O Bar do Torresmo foi o grande campe\u00e3o do Comida di Buteco de 2018. Foto: Rafaela Frutuoso<\/p><\/div>\n<p><strong>Outros premiados<\/strong><\/p>\n<p>O segundo lugar deste ano ficou com o\u00a0<strong>Bar do Ben\u00e9<\/strong>, que apresentou o prato \u201cCostelinha Turbinada\u201d, composta por costelinha su\u00edna, acompanhada de feij\u00e3o tropeiro e mandioca frita com a\u00e7afr\u00e3o). E compondo o p\u00f3dio, o bar <strong>Trem Mineiro Choperia<\/strong>\u00a0garantiu o terceiro lugar com o prato \u201cFrango crock\u201d (iscas de frango empanadas com cerveja e aveia em flocos, servidas com um misterioso molho especial da casa).<\/p>\n<p>Com a receita \u201cChurros de Camar\u00e3o\u201d, o bar <strong>Caminho da Ro\u00e7a<\/strong> levou para casa o desafio \u201cReceita de Carinho Dona Benta\u201d, que condecorou o melhor prato doce ou salgado com a farinha de marca nos requisitos: sabor, criatividade e apresenta\u00e7\u00e3o. Fechando a lista\u00a0de vencedores do evento, o\u00a0estreante <strong>Emp\u00f3rio do Sabor<\/strong>\u00a0conquistou o pr\u00eamio\u00a0Boca Boa do Zine Cultural, tendo o v\u00eddeo com mais visualiza\u00e7\u00f5es \u00fanicas dentre os demais concorrentes desta edi\u00e7\u00e3o.<\/p>\n<p><strong>Confira os pratos o endere\u00e7o dos bares campe\u00f5es:<\/strong><\/p>\n<p style=\"text-align: center;\"><strong>1\u00ba Lugar<\/strong><\/p>\n<p style=\"text-align: center;\"><a href=\"https:\/\/www.facebook.com\/torresmo51\/\">Bar do Torresmo:<\/a> Avenida Darcy Vargas, n\u00ba 31, Bairro Ipiranga.<\/p>\n<div id=\"attachment_104291\" style=\"width: 399px\" class=\"wp-caption aligncenter\"><img loading=\"lazy\" decoding=\"async\" aria-describedby=\"caption-attachment-104291\" class=\"wp-image-104291\" src=\"http:\/\/diarioregionaljf.com.br\/wp-content\/uploads\/2018\/05\/Bar-do-Torresmo_Moelinha-a-Moda-de-Boteco_-Juiz-de-Fora_2018_junior-Faria-300x200.jpg\" alt=\"\" width=\"389\" height=\"259\" srcset=\"https:\/\/diarioregionaldigital.com.br\/wp-content\/uploads\/2018\/05\/Bar-do-Torresmo_Moelinha-a-Moda-de-Boteco_-Juiz-de-Fora_2018_junior-Faria-300x200.jpg 300w, https:\/\/diarioregionaldigital.com.br\/wp-content\/uploads\/2018\/05\/Bar-do-Torresmo_Moelinha-a-Moda-de-Boteco_-Juiz-de-Fora_2018_junior-Faria-768x512.jpg 768w, https:\/\/diarioregionaldigital.com.br\/wp-content\/uploads\/2018\/05\/Bar-do-Torresmo_Moelinha-a-Moda-de-Boteco_-Juiz-de-Fora_2018_junior-Faria-1024x683.jpg 1024w, https:\/\/diarioregionaldigital.com.br\/wp-content\/uploads\/2018\/05\/Bar-do-Torresmo_Moelinha-a-Moda-de-Boteco_-Juiz-de-Fora_2018_junior-Faria-360x240.jpg 360w\" sizes=\"auto, (max-width: 389px) 100vw, 389px\" \/><p id=\"caption-attachment-104291\" class=\"wp-caption-text\">Moelinha com batatas portuguesas e torradas. Foto: Divulga\u00e7\u00e3o.<\/p><\/div>\n<p style=\"text-align: center;\">Funcionamento: Ter\u00e7a \u00e0 domingo, das 9h \u00e0s 22h<\/p>\n<p>&nbsp;<\/p>\n<p style=\"text-align: center;\"><strong>2\u00ba Lugar<\/strong><\/p>\n<p style=\"text-align: center;\"><a href=\"https:\/\/www.facebook.com\/pages\/Novo-Bar-Do-Ben%C3%A9\/1004149082941225?ref=br_rs&amp;fref=mentions\">Bar do Ben\u00e9:<\/a> \u00a0Rua Jo\u00e3o Batista Sampaio, n\u00ba 150, Bairro S\u00e3o Pedro.<\/p>\n<div id=\"attachment_104311\" style=\"width: 412px\" class=\"wp-caption aligncenter\"><img loading=\"lazy\" decoding=\"async\" aria-describedby=\"caption-attachment-104311\" class=\" wp-image-104311\" src=\"http:\/\/diarioregionaljf.com.br\/wp-content\/uploads\/2018\/05\/hu-1-300x200.jpg\" alt=\"\" width=\"402\" height=\"268\" srcset=\"https:\/\/diarioregionaldigital.com.br\/wp-content\/uploads\/2018\/05\/hu-1-300x200.jpg 300w, https:\/\/diarioregionaldigital.com.br\/wp-content\/uploads\/2018\/05\/hu-1-768x512.jpg 768w, https:\/\/diarioregionaldigital.com.br\/wp-content\/uploads\/2018\/05\/hu-1-1024x683.jpg 1024w, https:\/\/diarioregionaldigital.com.br\/wp-content\/uploads\/2018\/05\/hu-1-360x240.jpg 360w, https:\/\/diarioregionaldigital.com.br\/wp-content\/uploads\/2018\/05\/hu-1.jpg 2001w\" sizes=\"auto, (max-width: 402px) 100vw, 402px\" \/><p id=\"caption-attachment-104311\" class=\"wp-caption-text\">Costelinha Turbinada. Foto: Divulga\u00e7\u00e3o.<\/p><\/div>\n<p>&nbsp;<\/p>\n<p style=\"text-align: center;\"><strong>3\u00ba Lugar<\/strong><\/p>\n<p style=\"text-align: center;\"><a href=\"https:\/\/www.facebook.com\/TremMineiroChoperia\/\">Trem Mineiro Choperia:<\/a> Rua Liduino Vieira dos Reis, 140 Aeroporto<\/p>\n<div id=\"attachment_104306\" style=\"width: 432px\" class=\"wp-caption aligncenter\"><img loading=\"lazy\" decoding=\"async\" aria-describedby=\"caption-attachment-104306\" class=\" wp-image-104306\" src=\"http:\/\/diarioregionaljf.com.br\/wp-content\/uploads\/2018\/05\/t-300x200.jpg\" alt=\"\" width=\"422\" height=\"281\" srcset=\"https:\/\/diarioregionaldigital.com.br\/wp-content\/uploads\/2018\/05\/t-300x200.jpg 300w, https:\/\/diarioregionaldigital.com.br\/wp-content\/uploads\/2018\/05\/t-768x512.jpg 768w, https:\/\/diarioregionaldigital.com.br\/wp-content\/uploads\/2018\/05\/t-1024x682.jpg 1024w, https:\/\/diarioregionaldigital.com.br\/wp-content\/uploads\/2018\/05\/t-360x240.jpg 360w, https:\/\/diarioregionaldigital.com.br\/wp-content\/uploads\/2018\/05\/t.jpg 2000w\" sizes=\"auto, (max-width: 422px) 100vw, 422px\" \/><p id=\"caption-attachment-104306\" class=\"wp-caption-text\">Costelinha Turbinada. Foto: Divulga\u00e7\u00e3o.<\/p><\/div>\n<p style=\"text-align: center;\">Funcionamento: Segunda de 11h \u00e0s 15h e Ter\u00e7a \u00e0 domingo, das 11h \u00e0s 23:45h<\/p>\n","protected":false},"excerpt":{"rendered":"<p>O Bar do Torresmo foi o grande campe\u00e3o do Comida di Buteco de 2018, com prato \u201cMoelinha \u00e0 Moda de Buteco\u201d (moelinha com batatas portuguesas e torradas). O resultado foi divulgado na noite desta ter\u00e7a-feira, 15, em cerim\u00f4nia realizada no Gran Victory Hotel, que revelou os vencedores entre os 20 bares participantes da competi\u00e7\u00e3o que [&hellip;]<\/p>\n","protected":false},"author":96,"featured_media":104364,"comment_status":"closed","ping_status":"closed","sticky":false,"template":"","format":"standard","meta":{"footnotes":""},"categories":[253,436,262,439],"tags":[],"class_list":["post-104289","post","type-post","status-publish","format-standard","has-post-thumbnail","hentry","category-cidade","category-destaque-da-semana","category-noticias","category-ultima-hora"],"_links":{"self":[{"href":"https:\/\/diarioregionaldigital.com.br\/index.php?rest_route=\/wp\/v2\/posts\/104289","targetHints":{"allow":["GET"]}}],"collection":[{"href":"https:\/\/diarioregionaldigital.com.br\/index.php?rest_route=\/wp\/v2\/posts"}],"about":[{"href":"https:\/\/diarioregionaldigital.com.br\/index.php?rest_route=\/wp\/v2\/types\/post"}],"author":[{"embeddable":true,"href":"https:\/\/diarioregionaldigital.com.br\/index.php?rest_route=\/wp\/v2\/users\/96"}],"replies":[{"embeddable":true,"href":"https:\/\/diarioregionaldigital.com.br\/index.php?rest_route=%2Fwp%2Fv2%2Fcomments&post=104289"}],"version-history":[{"count":0,"href":"https:\/\/diarioregionaldigital.com.br\/index.php?rest_route=\/wp\/v2\/posts\/104289\/revisions"}],"wp:featuredmedia":[{"embeddable":true,"href":"https:\/\/diarioregionaldigital.com.br\/index.php?rest_route=\/wp\/v2\/media\/104364"}],"wp:attachment":[{"href":"https:\/\/diarioregionaldigital.com.br\/index.php?rest_route=%2Fwp%2Fv2%2Fmedia&parent=104289"}],"wp:term":[{"taxonomy":"category","embeddable":true,"href":"https:\/\/diarioregionaldigital.com.br\/index.php?rest_route=%2Fwp%2Fv2%2Fcategories&post=104289"},{"taxonomy":"post_tag","embeddable":true,"href":"https:\/\/diarioregionaldigital.com.br\/index.php?rest_route=%2Fwp%2Fv2%2Ftags&post=104289"}],"curies":[{"name":"wp","href":"https:\/\/api.w.org\/{rel}","templated":true}]}}