{"id":104171,"date":"2018-05-15T18:54:19","date_gmt":"2018-05-15T21:54:19","guid":{"rendered":"http:\/\/diarioregionaljf.com.br\/?p=104171"},"modified":"2018-05-15T18:54:19","modified_gmt":"2018-05-15T21:54:19","slug":"site-reune-vagas-de-emprego-para-estudantes-negros","status":"publish","type":"post","link":"https:\/\/diarioregionaldigital.com.br\/?p=104171","title":{"rendered":"Site re\u00fane vagas de emprego para estudantes negros"},"content":{"rendered":"<p>Estudantes negros que desejam ingressar no mercado de trabalho t\u00eam \u00e0 disposi\u00e7\u00e3o uma ferramenta que pode auxiliar nesse processo: uma <a href=\"http:\/\/www.zumbidospalmares.trabalhando.com\/\">plataforma on-line da Faculdade Comunit\u00e1ria Zumbi dos Palmares<\/a> (Fazp) exclusiva para envio de curr\u00edculos de candidatos afrodescendentes. Atualmente, mais de 1,9 mil pessoas j\u00e1 fizeram cadastro. L\u00e1, tamb\u00e9m \u00e9 poss\u00edvel cadastrar vagas dispon\u00edveis em institui\u00e7\u00f5es.<\/p>\n<p><a href=\"http:\/\/diarioregionaljf.com.br\/wp-content\/uploads\/2018\/05\/emprego.bmp\"><img loading=\"lazy\" decoding=\"async\" class=\"alignnone size-full wp-image-104172\" src=\"http:\/\/diarioregionaljf.com.br\/wp-content\/uploads\/2018\/05\/emprego.bmp\" alt=\"\" width=\"840\" height=\"979\" srcset=\"https:\/\/diarioregionaldigital.com.br\/wp-content\/uploads\/2018\/05\/emprego.bmp 840w, https:\/\/diarioregionaldigital.com.br\/wp-content\/uploads\/2018\/05\/emprego-257x300.bmp 257w, https:\/\/diarioregionaldigital.com.br\/wp-content\/uploads\/2018\/05\/emprego-768x895.bmp 768w, https:\/\/diarioregionaldigital.com.br\/wp-content\/uploads\/2018\/05\/emprego-360x420.bmp 360w\" sizes=\"auto, (max-width: 840px) 100vw, 840px\" \/><\/a><\/p>\n<p>Fonte: Portal Brasil<\/p>\n","protected":false},"excerpt":{"rendered":"<p>Estudantes negros que desejam ingressar no mercado de trabalho t\u00eam \u00e0 disposi\u00e7\u00e3o uma ferramenta que pode auxiliar nesse processo: uma plataforma on-line da Faculdade Comunit\u00e1ria Zumbi dos Palmares (Fazp) exclusiva para envio de curr\u00edculos de candidatos afrodescendentes. Atualmente, mais de 1,9 mil pessoas j\u00e1 fizeram cadastro. L\u00e1, tamb\u00e9m \u00e9 poss\u00edvel cadastrar vagas dispon\u00edveis em institui\u00e7\u00f5es. [&hellip;]<\/p>\n","protected":false},"author":96,"featured_media":104173,"comment_status":"closed","ping_status":"closed","sticky":false,"template":"","format":"standard","meta":{"footnotes":""},"categories":[302,436,440,439],"tags":[],"class_list":["post-104171","post","type-post","status-publish","format-standard","has-post-thumbnail","hentry","category-brasil-mundo","category-destaque-da-semana","category-destaques-do-dia","category-ultima-hora"],"_links":{"self":[{"href":"https:\/\/diarioregionaldigital.com.br\/index.php?rest_route=\/wp\/v2\/posts\/104171","targetHints":{"allow":["GET"]}}],"collection":[{"href":"https:\/\/diarioregionaldigital.com.br\/index.php?rest_route=\/wp\/v2\/posts"}],"about":[{"href":"https:\/\/diarioregionaldigital.com.br\/index.php?rest_route=\/wp\/v2\/types\/post"}],"author":[{"embeddable":true,"href":"https:\/\/diarioregionaldigital.com.br\/index.php?rest_route=\/wp\/v2\/users\/96"}],"replies":[{"embeddable":true,"href":"https:\/\/diarioregionaldigital.com.br\/index.php?rest_route=%2Fwp%2Fv2%2Fcomments&post=104171"}],"version-history":[{"count":0,"href":"https:\/\/diarioregionaldigital.com.br\/index.php?rest_route=\/wp\/v2\/posts\/104171\/revisions"}],"wp:featuredmedia":[{"embeddable":true,"href":"https:\/\/diarioregionaldigital.com.br\/index.php?rest_route=\/wp\/v2\/media\/104173"}],"wp:attachment":[{"href":"https:\/\/diarioregionaldigital.com.br\/index.php?rest_route=%2Fwp%2Fv2%2Fmedia&parent=104171"}],"wp:term":[{"taxonomy":"category","embeddable":true,"href":"https:\/\/diarioregionaldigital.com.br\/index.php?rest_route=%2Fwp%2Fv2%2Fcategories&post=104171"},{"taxonomy":"post_tag","embeddable":true,"href":"https:\/\/diarioregionaldigital.com.br\/index.php?rest_route=%2Fwp%2Fv2%2Ftags&post=104171"}],"curies":[{"name":"wp","href":"https:\/\/api.w.org\/{rel}","templated":true}]}}