{"id":104127,"date":"2018-05-15T17:34:40","date_gmt":"2018-05-15T20:34:40","guid":{"rendered":"http:\/\/diarioregionaljf.com.br\/?p=104127"},"modified":"2018-05-15T17:34:40","modified_gmt":"2018-05-15T20:34:40","slug":"motociclista-sofre-fratura-exposta-em-colisao-com-picape-em-muriae","status":"publish","type":"post","link":"https:\/\/diarioregionaldigital.com.br\/?p=104127","title":{"rendered":"Motociclista sofre fratura exposta em colis\u00e3o com picape em Muria\u00e9"},"content":{"rendered":"<p>Um motociclista sofreu fratura exposta em uma das pernas em uma colis\u00e3o com uma picape Mitsubishi, ocorrida no bairro Santa Helena, em Muria\u00e9, no fim da tarde dessa segunda-feira, 14. Ele foi socorrido pelo Corpo de Bombeiros e Samu, sendo levado ao Pronto Socorro do Hospital S\u00e3o Paulo (HSP).<\/p>\n<p>O acidente aconteceu em uma via paralela \u00e0 BR-116 e foi registrado pela Pol\u00edcia Militar (PM). Em entrevista \u00e0 R\u00e1dio Muria\u00e9, o militar, sargento Ronaldo informou que no momento da batida a moto Honda XRE 300 trafegava pela rua e a caminhonete havia cruzado a rodovia para acessar uma oficina mec\u00e2nica.<\/p>\n<div id=\"attachment_104128\" style=\"width: 710px\" class=\"wp-caption alignnone\"><img loading=\"lazy\" decoding=\"async\" aria-describedby=\"caption-attachment-104128\" class=\"size-full wp-image-104128\" src=\"http:\/\/diarioregionaljf.com.br\/wp-content\/uploads\/2018\/05\/picape.jpg\" alt=\"\" width=\"700\" height=\"501\" srcset=\"https:\/\/diarioregionaldigital.com.br\/wp-content\/uploads\/2018\/05\/picape.jpg 700w, https:\/\/diarioregionaldigital.com.br\/wp-content\/uploads\/2018\/05\/picape-300x215.jpg 300w, https:\/\/diarioregionaldigital.com.br\/wp-content\/uploads\/2018\/05\/picape-360x258.jpg 360w\" sizes=\"auto, (max-width: 700px) 100vw, 700px\" \/><p id=\"caption-attachment-104128\" class=\"wp-caption-text\">O acidente se deu no fim da tarde dessa segunda e a v\u00edtima foi socorrida pelo Corpo de Bombeiros e Samu. Foto: R\u00e1dio Muria\u00e9<\/p><\/div>\n<p>A moto foi atingida lateralmente pela picape, e a per\u00edcia da Pol\u00edcia Civil (PC) realizou o trabalho t\u00e9cnico no local do acidente para apurar as circunst\u00e2ncias do ocorrido.<\/p>\n<p>Fonte: R\u00e1dio Muria\u00e9<\/p>\n","protected":false},"excerpt":{"rendered":"<p>Um motociclista sofreu fratura exposta em uma das pernas em uma colis\u00e3o com uma picape Mitsubishi, ocorrida no bairro Santa Helena, em Muria\u00e9, no fim da tarde dessa segunda-feira, 14. Ele foi socorrido pelo Corpo de Bombeiros e Samu, sendo levado ao Pronto Socorro do Hospital S\u00e3o Paulo (HSP). O acidente aconteceu em uma via [&hellip;]<\/p>\n","protected":false},"author":96,"featured_media":104129,"comment_status":"closed","ping_status":"closed","sticky":false,"template":"","format":"standard","meta":{"footnotes":""},"categories":[252,439],"tags":[],"class_list":["post-104127","post","type-post","status-publish","format-standard","has-post-thumbnail","hentry","category-regiao","category-ultima-hora"],"_links":{"self":[{"href":"https:\/\/diarioregionaldigital.com.br\/index.php?rest_route=\/wp\/v2\/posts\/104127","targetHints":{"allow":["GET"]}}],"collection":[{"href":"https:\/\/diarioregionaldigital.com.br\/index.php?rest_route=\/wp\/v2\/posts"}],"about":[{"href":"https:\/\/diarioregionaldigital.com.br\/index.php?rest_route=\/wp\/v2\/types\/post"}],"author":[{"embeddable":true,"href":"https:\/\/diarioregionaldigital.com.br\/index.php?rest_route=\/wp\/v2\/users\/96"}],"replies":[{"embeddable":true,"href":"https:\/\/diarioregionaldigital.com.br\/index.php?rest_route=%2Fwp%2Fv2%2Fcomments&post=104127"}],"version-history":[{"count":0,"href":"https:\/\/diarioregionaldigital.com.br\/index.php?rest_route=\/wp\/v2\/posts\/104127\/revisions"}],"wp:featuredmedia":[{"embeddable":true,"href":"https:\/\/diarioregionaldigital.com.br\/index.php?rest_route=\/wp\/v2\/media\/104129"}],"wp:attachment":[{"href":"https:\/\/diarioregionaldigital.com.br\/index.php?rest_route=%2Fwp%2Fv2%2Fmedia&parent=104127"}],"wp:term":[{"taxonomy":"category","embeddable":true,"href":"https:\/\/diarioregionaldigital.com.br\/index.php?rest_route=%2Fwp%2Fv2%2Fcategories&post=104127"},{"taxonomy":"post_tag","embeddable":true,"href":"https:\/\/diarioregionaldigital.com.br\/index.php?rest_route=%2Fwp%2Fv2%2Ftags&post=104127"}],"curies":[{"name":"wp","href":"https:\/\/api.w.org\/{rel}","templated":true}]}}