{"id":104125,"date":"2018-05-15T17:27:07","date_gmt":"2018-05-15T20:27:07","guid":{"rendered":"http:\/\/diarioregionaljf.com.br\/?p=104125"},"modified":"2018-05-15T17:27:07","modified_gmt":"2018-05-15T20:27:07","slug":"ladroes-invadem-sitio-agridem-e-ameacam-casal","status":"publish","type":"post","link":"https:\/\/diarioregionaldigital.com.br\/?p=104125","title":{"rendered":"Ladr\u00f5es invadem s\u00edtio, agridem e amea\u00e7am casal"},"content":{"rendered":"<p>A Pol\u00edcia Militar de Ant\u00f4nio Carlos registrou ocorr\u00eancia de roubo a uma propriedade rural na tarde dessa segunda-feira, 14.<\/p>\n<p>Segundo a v\u00edtima, um senhor de 55 anos,\u00a0 por volta das 17h30, ap\u00f3s tratar de seus animais e retornar para sua casa, deparou com dois indiv\u00edduos que lhe questionaram sobre a possibilidade de venda do im\u00f3vel e diante da resposta negativa, os autores, um deles armado com um rev\u00f3lver, anunciaram o assalto, rendendo tamb\u00e9m a esposa do solicitante de 38 anos. As v\u00edtimas foram jogadas ao ch\u00e3o e agredidas com chutes e amea\u00e7adas de morte.<\/p>\n<p>Os autores invadiram a casa, reviraram os pertences dos moradores \u00e0 procura de dinheiro. No interior do quarto do casal foi roubada uma caixa de metal, com aproximadamente R$800. Al\u00e9m do dinheiro levou um aparelho celular, um tablet, documentos pessoais das v\u00edtimas e um cart\u00e3o de benef\u00edcio de aposentadoria.<\/p>\n<p>As equipes fizeram levantamento sobre os poss\u00edveis autores e realizaram buscas nas resid\u00eancias de alguns suspeitos, por\u00e9m nada de il\u00edcito foi localizado. Os suspeitos foram visualizados pelas v\u00edtimas, mas eles n\u00e3o foram reconhecidos como autores.<\/p>\n<p>As v\u00edtimas foram encaminhadas ao hospital municipal onde foram atendidas e liberadas.<\/p>\n<p>&nbsp;<\/p>\n<p>Fonte: Barbacena Mais<\/p>\n","protected":false},"excerpt":{"rendered":"<p>A Pol\u00edcia Militar de Ant\u00f4nio Carlos registrou ocorr\u00eancia de roubo a uma propriedade rural na tarde dessa segunda-feira, 14. Segundo a v\u00edtima, um senhor de 55 anos,\u00a0 por volta das 17h30, ap\u00f3s tratar de seus animais e retornar para sua casa, deparou com dois indiv\u00edduos que lhe questionaram sobre a possibilidade de venda do im\u00f3vel [&hellip;]<\/p>\n","protected":false},"author":96,"featured_media":95105,"comment_status":"closed","ping_status":"closed","sticky":false,"template":"","format":"standard","meta":{"footnotes":""},"categories":[252,439],"tags":[],"class_list":["post-104125","post","type-post","status-publish","format-standard","has-post-thumbnail","hentry","category-regiao","category-ultima-hora"],"_links":{"self":[{"href":"https:\/\/diarioregionaldigital.com.br\/index.php?rest_route=\/wp\/v2\/posts\/104125","targetHints":{"allow":["GET"]}}],"collection":[{"href":"https:\/\/diarioregionaldigital.com.br\/index.php?rest_route=\/wp\/v2\/posts"}],"about":[{"href":"https:\/\/diarioregionaldigital.com.br\/index.php?rest_route=\/wp\/v2\/types\/post"}],"author":[{"embeddable":true,"href":"https:\/\/diarioregionaldigital.com.br\/index.php?rest_route=\/wp\/v2\/users\/96"}],"replies":[{"embeddable":true,"href":"https:\/\/diarioregionaldigital.com.br\/index.php?rest_route=%2Fwp%2Fv2%2Fcomments&post=104125"}],"version-history":[{"count":0,"href":"https:\/\/diarioregionaldigital.com.br\/index.php?rest_route=\/wp\/v2\/posts\/104125\/revisions"}],"wp:featuredmedia":[{"embeddable":true,"href":"https:\/\/diarioregionaldigital.com.br\/index.php?rest_route=\/wp\/v2\/media\/95105"}],"wp:attachment":[{"href":"https:\/\/diarioregionaldigital.com.br\/index.php?rest_route=%2Fwp%2Fv2%2Fmedia&parent=104125"}],"wp:term":[{"taxonomy":"category","embeddable":true,"href":"https:\/\/diarioregionaldigital.com.br\/index.php?rest_route=%2Fwp%2Fv2%2Fcategories&post=104125"},{"taxonomy":"post_tag","embeddable":true,"href":"https:\/\/diarioregionaldigital.com.br\/index.php?rest_route=%2Fwp%2Fv2%2Ftags&post=104125"}],"curies":[{"name":"wp","href":"https:\/\/api.w.org\/{rel}","templated":true}]}}