{"id":104120,"date":"2018-05-15T17:22:47","date_gmt":"2018-05-15T20:22:47","guid":{"rendered":"http:\/\/diarioregionaljf.com.br\/?p=104120"},"modified":"2018-05-15T17:22:47","modified_gmt":"2018-05-15T20:22:47","slug":"legislativo-de-leopoldina-debatera-violencia-contra-a-mulher-e-transporte-publico-municipal","status":"publish","type":"post","link":"https:\/\/diarioregionaldigital.com.br\/?p=104120","title":{"rendered":"Legislativo de Leopoldina debater\u00e1 viol\u00eancia contra a mulher e transporte p\u00fablico municipal"},"content":{"rendered":"<p>A C\u00e2mara Municipal de Leopoldina realizar\u00e1 duas audi\u00eancias p\u00fablicas para discutir a \u201cViol\u00eancia contra a mulher\u201d e o \u201cTransporte P\u00fablico Municipal\u201d. Dois requerimentos neste sentido, de autoria da vereadora K\u00e9lvia Raquel, foram aprovados na sess\u00e3o ordin\u00e1ria, realizada na semana passada.<\/p>\n<p>Segundo a parlamentar, a finalidade \u00e9 dar visibilidade aos temas. Na audi\u00eancia sobre a viol\u00eancia praticada contra as mulheres, o debate servir\u00e1 para despertar nas mulheres a necessidade de den\u00fancia, de cobran\u00e7a de provid\u00eancias, al\u00e9m de reflex\u00e3o sobre os avan\u00e7os e desafios da Lei Maria da Penha.<\/p>\n<p>A audi\u00eancia p\u00fablica sobre o Transporte P\u00fablico Municipal discutir\u00e1 temas como fiscaliza\u00e7\u00e3o, itiner\u00e1rios, pre\u00e7o da tarifa, os avan\u00e7os e dificuldades do transporte p\u00fablico no munic\u00edpio. Segundo K\u00e9lvia Raquel, ser\u00e1 a oportunidade para tirar d\u00favidas, dar sugest\u00f5es e debater poss\u00edveis melhorias no transporte. A participa\u00e7\u00e3o da comunidade ser\u00e1 importante para mostrar suas reais necessidades \u00e0 empresa concession\u00e1ria respons\u00e1vel pela presta\u00e7\u00e3o do servi\u00e7o na cidade.<\/p>\n<p>As datas das audi\u00eancias p\u00fablicas ainda ser\u00e3o confirmadas pela Presid\u00eancia da C\u00e2mara.<\/p>\n<p>Fonte: O Vigilante Online<\/p>\n","protected":false},"excerpt":{"rendered":"<p>A C\u00e2mara Municipal de Leopoldina realizar\u00e1 duas audi\u00eancias p\u00fablicas para discutir a \u201cViol\u00eancia contra a mulher\u201d e o \u201cTransporte P\u00fablico Municipal\u201d. Dois requerimentos neste sentido, de autoria da vereadora K\u00e9lvia Raquel, foram aprovados na sess\u00e3o ordin\u00e1ria, realizada na semana passada. Segundo a parlamentar, a finalidade \u00e9 dar visibilidade aos temas. Na audi\u00eancia sobre a viol\u00eancia [&hellip;]<\/p>\n","protected":false},"author":96,"featured_media":104121,"comment_status":"closed","ping_status":"closed","sticky":false,"template":"","format":"standard","meta":{"footnotes":""},"categories":[252,439],"tags":[],"class_list":["post-104120","post","type-post","status-publish","format-standard","has-post-thumbnail","hentry","category-regiao","category-ultima-hora"],"_links":{"self":[{"href":"https:\/\/diarioregionaldigital.com.br\/index.php?rest_route=\/wp\/v2\/posts\/104120","targetHints":{"allow":["GET"]}}],"collection":[{"href":"https:\/\/diarioregionaldigital.com.br\/index.php?rest_route=\/wp\/v2\/posts"}],"about":[{"href":"https:\/\/diarioregionaldigital.com.br\/index.php?rest_route=\/wp\/v2\/types\/post"}],"author":[{"embeddable":true,"href":"https:\/\/diarioregionaldigital.com.br\/index.php?rest_route=\/wp\/v2\/users\/96"}],"replies":[{"embeddable":true,"href":"https:\/\/diarioregionaldigital.com.br\/index.php?rest_route=%2Fwp%2Fv2%2Fcomments&post=104120"}],"version-history":[{"count":0,"href":"https:\/\/diarioregionaldigital.com.br\/index.php?rest_route=\/wp\/v2\/posts\/104120\/revisions"}],"wp:featuredmedia":[{"embeddable":true,"href":"https:\/\/diarioregionaldigital.com.br\/index.php?rest_route=\/wp\/v2\/media\/104121"}],"wp:attachment":[{"href":"https:\/\/diarioregionaldigital.com.br\/index.php?rest_route=%2Fwp%2Fv2%2Fmedia&parent=104120"}],"wp:term":[{"taxonomy":"category","embeddable":true,"href":"https:\/\/diarioregionaldigital.com.br\/index.php?rest_route=%2Fwp%2Fv2%2Fcategories&post=104120"},{"taxonomy":"post_tag","embeddable":true,"href":"https:\/\/diarioregionaldigital.com.br\/index.php?rest_route=%2Fwp%2Fv2%2Ftags&post=104120"}],"curies":[{"name":"wp","href":"https:\/\/api.w.org\/{rel}","templated":true}]}}