{"id":104104,"date":"2018-05-16T06:00:08","date_gmt":"2018-05-16T09:00:08","guid":{"rendered":"http:\/\/diarioregionaljf.com.br\/?p=104104"},"modified":"2018-05-16T07:47:08","modified_gmt":"2018-05-16T10:47:08","slug":"servidores-da-rede-estadual-de-ensino-paralisam-atividades","status":"publish","type":"post","link":"https:\/\/diarioregionaldigital.com.br\/?p=104104","title":{"rendered":"Servidores da rede estadual de ensino paralisam atividades"},"content":{"rendered":"<p>ATUALIZADO EM 16\/05\/2018, \u00c0S 07H30<\/p>\n<p>Servidores da rede estadual de ensino paralisar\u00e3o suas atividades nesta quarta-feira, 16. A categoria pleiteia a normaliza\u00e7\u00e3o dos pagamentos e outros acordos que foram firmados com o governo do Estado. Um ato de protesto, organizado pela subsede do Sindicato \u00danico dos Trabalhadores em Educa\u00e7\u00e3o (Sind-Ute), est\u00e1 previsto para as 9h, nas escadarias da C\u00e2mara Municipal. A expectativa do Sindicato \u00e9 que 100% dos trabalhadores de Juiz de Fora paralisem.<\/p>\n<p>A classe j\u00e1 havia realizado ato parecido na \u00faltima segunda, 14, em que apenas parte dos servidores trabalhou. O movimento desta quarta acontece ap\u00f3s a Secretaria de Estado de Fazenda (SEF) anunciar, que o pagamento da primeira parcela do sal\u00e1rio dos servidores p\u00fablicos estaduais, previsto para o dia 16 deste m\u00eas, n\u00e3o seria quitado e que n\u00e3o h\u00e1 data definida para o acerto. O principal entrave \u00e9 a lista entregue pelo Tribunal de Contas do Estado (TCE) ao governo, com os nomes de 96 mil servidores do Estado que estariam acumulando cargos p\u00fablicos de forma irregular. As poss\u00edveis irregularidades ainda est\u00e3o sendo avaliadas.<\/p>\n<p>Em mar\u00e7o de 2018, os trabalhadores em educa\u00e7\u00e3o deram in\u00edcio \u00e0 greve, que durou cerca de 40 dias, sendo interrompida no dia 18 de abril. \u201cO nosso pagamento, que vence no 5\u00b0 dia \u00fatil, todos os meses est\u00e1 sendo pago de forma atrasada. O governo precisa cumprir o que foi acordado com a gente. Em 2015, prometeu pagar o piso salarial nacional, mas n\u00e3o executou. Estamos sem receber os retroativos de\u00a02016,\u00a02017\u00a0e 2018. Os reajustes concedidos em janeiro de cada ano tamb\u00e9m n\u00e3o foram pagos\u201d, afirmou a diretora do Departamento de Comunica\u00e7\u00e3o do Sind-Ute, Yara Aquino.<\/p>\n<p>A\u00a0falta de repasse de verbas para manuten\u00e7\u00e3o das escolas tamb\u00e9m continua na pauta das reivindica\u00e7\u00f5es. \u201cA estrutura f\u00edsica das escolas est\u00e1 prec\u00e1ria. Faltam verbas para merendas e para outras coisas, que s\u00e3o fundamentais para a educa\u00e7\u00e3o neste pa\u00eds\u201d, disse.<\/p>\n<p>&nbsp;<\/p>\n<p><strong>ESCLARECIMENTOS<\/strong><\/p>\n<p>Em nota, a Secretaria de Estado de Educa\u00e7\u00e3o (SEE) informou que foi notificada pelo Sind-UTE sobre a paralisa\u00e7\u00e3o da categoria, e que &#8220;vai acompanhar o andamento da paralisa\u00e7\u00e3o nas escolas da rede estadual e emitir um balan\u00e7o da ades\u00e3o no final da tarde desta quarta&#8221;.<\/p>\n<p>De acordo com o novo calend\u00e1rio divulgado pelo Governo de Minas, a primeira parcela do sal\u00e1rio dos servidores deve ser paga nesta sexta-feira, 18. J\u00e1 as datas referentes \u00e0s segunda e terceira parcelas permanecem as mesmas &#8211; 25 e 30 de maio, respectivamente -, bem como os crit\u00e9rios adotados.<\/p>\n<p>No comunicado, o governo estadual confirma que &#8220;a altera\u00e7\u00e3o foi necess\u00e1ria tendo em vista a an\u00e1lise preliminar da lista de servidores com supostos ac\u00famulos de fun\u00e7\u00e3o apontados pelo Tribunal de Contas do Estado (TCE-MG)&#8221;.<\/p>\n<p>&nbsp;<\/p>\n","protected":false},"excerpt":{"rendered":"<p>ATUALIZADO EM 16\/05\/2018, \u00c0S 07H30 Servidores da rede estadual de ensino paralisar\u00e3o suas atividades nesta quarta-feira, 16. A categoria pleiteia a normaliza\u00e7\u00e3o dos pagamentos e outros acordos que foram firmados com o governo do Estado. Um ato de protesto, organizado pela subsede do Sindicato \u00danico dos Trabalhadores em Educa\u00e7\u00e3o (Sind-Ute), est\u00e1 previsto para as 9h, [&hellip;]<\/p>\n","protected":false},"author":96,"featured_media":104179,"comment_status":"closed","ping_status":"closed","sticky":false,"template":"","format":"standard","meta":{"footnotes":""},"categories":[253,440,439],"tags":[922,919,921,920],"class_list":["post-104104","post","type-post","status-publish","format-standard","has-post-thumbnail","hentry","category-cidade","category-destaques-do-dia","category-ultima-hora","tag-ensino","tag-estado","tag-estadual","tag-servidores"],"_links":{"self":[{"href":"https:\/\/diarioregionaldigital.com.br\/index.php?rest_route=\/wp\/v2\/posts\/104104","targetHints":{"allow":["GET"]}}],"collection":[{"href":"https:\/\/diarioregionaldigital.com.br\/index.php?rest_route=\/wp\/v2\/posts"}],"about":[{"href":"https:\/\/diarioregionaldigital.com.br\/index.php?rest_route=\/wp\/v2\/types\/post"}],"author":[{"embeddable":true,"href":"https:\/\/diarioregionaldigital.com.br\/index.php?rest_route=\/wp\/v2\/users\/96"}],"replies":[{"embeddable":true,"href":"https:\/\/diarioregionaldigital.com.br\/index.php?rest_route=%2Fwp%2Fv2%2Fcomments&post=104104"}],"version-history":[{"count":0,"href":"https:\/\/diarioregionaldigital.com.br\/index.php?rest_route=\/wp\/v2\/posts\/104104\/revisions"}],"wp:featuredmedia":[{"embeddable":true,"href":"https:\/\/diarioregionaldigital.com.br\/index.php?rest_route=\/wp\/v2\/media\/104179"}],"wp:attachment":[{"href":"https:\/\/diarioregionaldigital.com.br\/index.php?rest_route=%2Fwp%2Fv2%2Fmedia&parent=104104"}],"wp:term":[{"taxonomy":"category","embeddable":true,"href":"https:\/\/diarioregionaldigital.com.br\/index.php?rest_route=%2Fwp%2Fv2%2Fcategories&post=104104"},{"taxonomy":"post_tag","embeddable":true,"href":"https:\/\/diarioregionaldigital.com.br\/index.php?rest_route=%2Fwp%2Fv2%2Ftags&post=104104"}],"curies":[{"name":"wp","href":"https:\/\/api.w.org\/{rel}","templated":true}]}}