{"id":104095,"date":"2018-05-15T17:57:04","date_gmt":"2018-05-15T20:57:04","guid":{"rendered":"http:\/\/diarioregionaljf.com.br\/?p=104095"},"modified":"2018-05-15T18:01:06","modified_gmt":"2018-05-15T21:01:06","slug":"reforma-e-vantajosa-para-maioria-dos-segurados-com-tempo-de-contribuicao-para-pedir-aposentadoria","status":"publish","type":"post","link":"https:\/\/diarioregionaldigital.com.br\/?p=104095","title":{"rendered":"Reforma \u00e9 vantajosa para maioria dos segurados com tempo de contribui\u00e7\u00e3o para pedir aposentadoria"},"content":{"rendered":"<p>Os segurados da Previd\u00eancia que j\u00e1 possuem o tempo de contribui\u00e7\u00e3o necess\u00e1rio para requerer aposentadoria por tempo de contribui\u00e7\u00e3o devem ficar atentos \u00e0s f\u00f3rmulas de c\u00e1lculo do benef\u00edcio, pois, na maior parte das situa\u00e7\u00f5es, \u00e9 mais vantajoso esperar a nova regra da reforma da Previd\u00eancia do que entrar com pedido de benef\u00edcio pela regra vigente. A conclus\u00e3o \u00e9 de estudo realizado pela Coordena\u00e7\u00e3o-Geral de Estat\u00edstica, Demografia e Atu\u00e1ria da Secretaria de Previd\u00eancia com colabora\u00e7\u00e3o de especialistas do Instituto de Pesquisa Econ\u00f4mica Aplicada (Ipea).<\/p>\n<p>&nbsp;<\/p>\n<p>Para fazer as simula\u00e7\u00f5es, o estudo considerou o projeto de reforma que est\u00e1 em tramita\u00e7\u00e3o no Congresso Nacional e tra\u00e7ou diversos cen\u00e1rios para homens e mulheres que j\u00e1 possuem o direito adquirido ao benef\u00edcio de aposentadoria por tempo de contribui\u00e7\u00e3o. O valor do benef\u00edcio foi calculado a partir do tempo m\u00ednimo de contribui\u00e7\u00e3o, para diferentes idades, com diversos n\u00edveis de m\u00e9dias salariais. A m\u00e9dia pela regra vigente considera apenas os 80% maiores sal\u00e1rios a partir de julho de 1994. Pela regra proposta, a m\u00e9dia leva em conta todos os sal\u00e1rios desse per\u00edodo.<\/p>\n<p>&nbsp;<\/p>\n<p>No caso de uma mulher de 48 anos de idade e m\u00e9dia salarial de R$3.500,00 (considerando somente 80% maiores), por exemplo, o estudo concluiu que o valor do benef\u00edcio usando a regra de c\u00e1lculo da reforma foi 23% maior do que usando a m\u00e9dia obtida pela regra vigente (que considera o fator previdenci\u00e1rio). Os pesquisadores tomaram por hip\u00f3tese que a m\u00e9dia dos 20% menores sal\u00e1rios de contribui\u00e7\u00e3o seja igual a um quarto (25%) da m\u00e9dia calculada para os 80% maiores (R$875,00). Dessa forma, somando-se a m\u00e9dia das 80% maiores remunera\u00e7\u00f5es com as 20% menores, os pesquisadores chegaram a uma m\u00e9dia de sal\u00e1rio de contribui\u00e7\u00e3o de R$2.975,00 e o valor do benef\u00edcio, portanto, igual a R$2.305,63. Considerando-se a regra vigente, com aplica\u00e7\u00e3o do fator, o valor de benef\u00edcio seria R$1.879,23, segundo a simula\u00e7\u00e3o.<\/p>\n<p>&nbsp;<\/p>\n<p><img loading=\"lazy\" decoding=\"async\" class=\"aligncenter wp-image-104136 \" src=\"http:\/\/diarioregionaljf.com.br\/wp-content\/uploads\/2018\/05\/foto01-1024x311.png\" alt=\"\" width=\"1024\" height=\"311\" srcset=\"https:\/\/diarioregionaldigital.com.br\/wp-content\/uploads\/2018\/05\/foto01-1024x311.png 1024w, https:\/\/diarioregionaldigital.com.br\/wp-content\/uploads\/2018\/05\/foto01-300x91.png 300w, https:\/\/diarioregionaldigital.com.br\/wp-content\/uploads\/2018\/05\/foto01-768x233.png 768w, https:\/\/diarioregionaldigital.com.br\/wp-content\/uploads\/2018\/05\/foto01-360x109.png 360w, https:\/\/diarioregionaldigital.com.br\/wp-content\/uploads\/2018\/05\/foto01.png 1503w\" sizes=\"auto, (max-width: 1024px) 100vw, 1024px\" \/><\/p>\n<p>&nbsp;<\/p>\n<p>Segundo o estudo, para mulheres com idades at\u00e9 55 anos, seria mais vantajosa a aposentadoria pela regra nova, nos casos em que a m\u00e9dia das menores remunera\u00e7\u00f5es da segurada seja pelo menos a metade da m\u00e9dia das maiores. \u201cNo caso mais extremo explorado, mesmo que a m\u00e9dia dos menores (sal\u00e1rios) seja de apenas 25% da dos maiores, haveria vantagem em solicitar o benef\u00edcio pela regra da reforma se a idade da mulher for at\u00e9 53 anos\u201d, informa o texto.<\/p>\n<p>&nbsp;<\/p>\n<p>J\u00e1 na hip\u00f3tese de um homem com 53 anos de idade e m\u00e9dia salarial tamb\u00e9m de R$3.500,00, o valor do benef\u00edcio seria 16% superior se o segurado utilizasse a regra proposta pela reforma da Previd\u00eancia, segundo o estudo. \u201cSe o sal\u00e1rio m\u00e9dio considerando os 20% menores valores representar um quarto do sal\u00e1rio m\u00e9dio dos 80% maiores valores, a m\u00e9dia resultante ser\u00e1 de R$2.975,00, que, ao sofrer incid\u00eancia de 87,5% correspondente ao percentual para 35 anos de contribui\u00e7\u00e3o, ir\u00e1 gerar o valor de benef\u00edcio de R$2.603,13\u201d, conclui o artigo.<\/p>\n<p>&nbsp;<\/p>\n<p><img loading=\"lazy\" decoding=\"async\" class=\"aligncenter size-large wp-image-104138\" src=\"http:\/\/diarioregionaljf.com.br\/wp-content\/uploads\/2018\/05\/foto02-1024x311.png\" alt=\"\" width=\"1024\" height=\"311\" srcset=\"https:\/\/diarioregionaldigital.com.br\/wp-content\/uploads\/2018\/05\/foto02-1024x311.png 1024w, https:\/\/diarioregionaldigital.com.br\/wp-content\/uploads\/2018\/05\/foto02-300x91.png 300w, https:\/\/diarioregionaldigital.com.br\/wp-content\/uploads\/2018\/05\/foto02-768x233.png 768w, https:\/\/diarioregionaldigital.com.br\/wp-content\/uploads\/2018\/05\/foto02-360x109.png 360w, https:\/\/diarioregionaldigital.com.br\/wp-content\/uploads\/2018\/05\/foto02.png 1503w\" sizes=\"auto, (max-width: 1024px) 100vw, 1024px\" \/><\/p>\n<p>&nbsp;<\/p>\n<p>Tamb\u00e9m no caso dos homens, para o pior cen\u00e1rio tra\u00e7ado, em que os 20% menores sal\u00e1rios representam 25% da m\u00e9dia dos 80% maiores, o estudo indica que h\u00e1 vantagens em se aposentar pela nova regra para aqueles com 35 anos de contribui\u00e7\u00e3o e idade at\u00e9 57 anos.<\/p>\n","protected":false},"excerpt":{"rendered":"<p>Os segurados da Previd\u00eancia que j\u00e1 possuem o tempo de contribui\u00e7\u00e3o necess\u00e1rio para requerer aposentadoria por tempo de contribui\u00e7\u00e3o devem ficar atentos \u00e0s f\u00f3rmulas de c\u00e1lculo do benef\u00edcio, pois, na maior parte das situa\u00e7\u00f5es, \u00e9 mais vantajoso esperar a nova regra da reforma da Previd\u00eancia do que entrar com pedido de benef\u00edcio pela regra vigente. [&hellip;]<\/p>\n","protected":false},"author":96,"featured_media":104139,"comment_status":"closed","ping_status":"closed","sticky":false,"template":"","format":"standard","meta":{"footnotes":""},"categories":[261,439],"tags":[],"class_list":["post-104095","post","type-post","status-publish","format-standard","has-post-thumbnail","hentry","category-economia","category-ultima-hora"],"_links":{"self":[{"href":"https:\/\/diarioregionaldigital.com.br\/index.php?rest_route=\/wp\/v2\/posts\/104095","targetHints":{"allow":["GET"]}}],"collection":[{"href":"https:\/\/diarioregionaldigital.com.br\/index.php?rest_route=\/wp\/v2\/posts"}],"about":[{"href":"https:\/\/diarioregionaldigital.com.br\/index.php?rest_route=\/wp\/v2\/types\/post"}],"author":[{"embeddable":true,"href":"https:\/\/diarioregionaldigital.com.br\/index.php?rest_route=\/wp\/v2\/users\/96"}],"replies":[{"embeddable":true,"href":"https:\/\/diarioregionaldigital.com.br\/index.php?rest_route=%2Fwp%2Fv2%2Fcomments&post=104095"}],"version-history":[{"count":0,"href":"https:\/\/diarioregionaldigital.com.br\/index.php?rest_route=\/wp\/v2\/posts\/104095\/revisions"}],"wp:featuredmedia":[{"embeddable":true,"href":"https:\/\/diarioregionaldigital.com.br\/index.php?rest_route=\/wp\/v2\/media\/104139"}],"wp:attachment":[{"href":"https:\/\/diarioregionaldigital.com.br\/index.php?rest_route=%2Fwp%2Fv2%2Fmedia&parent=104095"}],"wp:term":[{"taxonomy":"category","embeddable":true,"href":"https:\/\/diarioregionaldigital.com.br\/index.php?rest_route=%2Fwp%2Fv2%2Fcategories&post=104095"},{"taxonomy":"post_tag","embeddable":true,"href":"https:\/\/diarioregionaldigital.com.br\/index.php?rest_route=%2Fwp%2Fv2%2Ftags&post=104095"}],"curies":[{"name":"wp","href":"https:\/\/api.w.org\/{rel}","templated":true}]}}