{"id":104091,"date":"2018-05-15T16:14:39","date_gmt":"2018-05-15T19:14:39","guid":{"rendered":"http:\/\/diarioregionaljf.com.br\/?p=104091"},"modified":"2018-05-15T16:14:39","modified_gmt":"2018-05-15T19:14:39","slug":"publicado-resultado-final-da-prova-objetiva-do-concurso-publico-da-secretaria-de-educacao","status":"publish","type":"post","link":"https:\/\/diarioregionaldigital.com.br\/?p=104091","title":{"rendered":"Publicado resultado final da prova objetiva do concurso p\u00fablico da Secretaria de Educa\u00e7\u00e3o"},"content":{"rendered":"<p>Est\u00e1 dispon\u00edvel no <a href=\"http:\/\/www.fumarc.com.br\/concursos\/detalhe\/concurso-publico-especialista-em-educacao-basica-e-professor-de-educacao-basica\/113\" target=\"_blank\" rel=\"noopener\">site da Funda\u00e7\u00e3o Mariana Rezende Costa (Fumarc)<\/a> o resultado definitivo da prova objetiva e as decis\u00f5es dos recursos apresentados pelos candidatos contra o resultado preliminar do concurso p\u00fablico referente ao <a href=\"http:\/\/www.fumarc.com.br\/imgDB\/concursos\/Edital%20SEE%20n-07-2017%20-%20FUMARC-20171228-132936.pdf\" target=\"_blank\" rel=\"noopener\">edital N\u00ba 07\/2017<\/a> da Secretaria de Estado de Educa\u00e7\u00e3o de Minas Gerais (SEE). Para acessar o resultado, o candidato deve informar CPF e n\u00famero de inscri\u00e7\u00e3o.<\/p>\n<p>Sobre a avalia\u00e7\u00e3o de t\u00edtulos: os candidatos que entregaram seus t\u00edtulos na data da aplica\u00e7\u00e3o da prova objetiva e nas condi\u00e7\u00f5es do item 10 do Edital ter\u00e3o a documenta\u00e7\u00e3o avaliada, desde que tenham sido aprovados na prova objetiva nos termos do item 8.5 do Edital SEE n\u00ba 07\/2017.<\/p>\n<p>As provas do concurso foram aplicadas no dia 08 de abril, em 45 localidades de todo o estado de Minas Gerais. O certame contou com a participa\u00e7\u00e3o de mais de 178 mil candidatos, concorrendo a 16 mil vagas para Professor de Educa\u00e7\u00e3o B\u00e1sica e 700 para Especialista em Educa\u00e7\u00e3o B\u00e1sica.<\/p>\n<p>Fonte: Assessoria<\/p>\n","protected":false},"excerpt":{"rendered":"<p>Est\u00e1 dispon\u00edvel no site da Funda\u00e7\u00e3o Mariana Rezende Costa (Fumarc) o resultado definitivo da prova objetiva e as decis\u00f5es dos recursos apresentados pelos candidatos contra o resultado preliminar do concurso p\u00fablico referente ao edital N\u00ba 07\/2017 da Secretaria de Estado de Educa\u00e7\u00e3o de Minas Gerais (SEE). Para acessar o resultado, o candidato deve informar CPF [&hellip;]<\/p>\n","protected":false},"author":96,"featured_media":104093,"comment_status":"closed","ping_status":"closed","sticky":false,"template":"","format":"standard","meta":{"footnotes":""},"categories":[440,252,439],"tags":[],"class_list":["post-104091","post","type-post","status-publish","format-standard","has-post-thumbnail","hentry","category-destaques-do-dia","category-regiao","category-ultima-hora"],"_links":{"self":[{"href":"https:\/\/diarioregionaldigital.com.br\/index.php?rest_route=\/wp\/v2\/posts\/104091","targetHints":{"allow":["GET"]}}],"collection":[{"href":"https:\/\/diarioregionaldigital.com.br\/index.php?rest_route=\/wp\/v2\/posts"}],"about":[{"href":"https:\/\/diarioregionaldigital.com.br\/index.php?rest_route=\/wp\/v2\/types\/post"}],"author":[{"embeddable":true,"href":"https:\/\/diarioregionaldigital.com.br\/index.php?rest_route=\/wp\/v2\/users\/96"}],"replies":[{"embeddable":true,"href":"https:\/\/diarioregionaldigital.com.br\/index.php?rest_route=%2Fwp%2Fv2%2Fcomments&post=104091"}],"version-history":[{"count":0,"href":"https:\/\/diarioregionaldigital.com.br\/index.php?rest_route=\/wp\/v2\/posts\/104091\/revisions"}],"wp:featuredmedia":[{"embeddable":true,"href":"https:\/\/diarioregionaldigital.com.br\/index.php?rest_route=\/wp\/v2\/media\/104093"}],"wp:attachment":[{"href":"https:\/\/diarioregionaldigital.com.br\/index.php?rest_route=%2Fwp%2Fv2%2Fmedia&parent=104091"}],"wp:term":[{"taxonomy":"category","embeddable":true,"href":"https:\/\/diarioregionaldigital.com.br\/index.php?rest_route=%2Fwp%2Fv2%2Fcategories&post=104091"},{"taxonomy":"post_tag","embeddable":true,"href":"https:\/\/diarioregionaldigital.com.br\/index.php?rest_route=%2Fwp%2Fv2%2Ftags&post=104091"}],"curies":[{"name":"wp","href":"https:\/\/api.w.org\/{rel}","templated":true}]}}