{"id":104086,"date":"2018-05-15T15:31:34","date_gmt":"2018-05-15T18:31:34","guid":{"rendered":"http:\/\/diarioregionaljf.com.br\/?p=104086"},"modified":"2018-05-15T15:31:34","modified_gmt":"2018-05-15T18:31:34","slug":"inscricoes-de-bocha-e-futebol-paralimpico-encerram-se-nesta-quarta-feira","status":"publish","type":"post","link":"https:\/\/diarioregionaldigital.com.br\/?p=104086","title":{"rendered":"Inscri\u00e7\u00f5es de bocha e futebol paral\u00edmpico encerram-se nesta quarta-feira"},"content":{"rendered":"<p>Esta \u00e9 a \u00faltima semana para quem deseja participar da d\u00e9cima edi\u00e7\u00e3o da \u201cSemana Paral\u00edmpica\u201d, evento promovido pela Secretaria de Esporte e Lazer (SEL) da Prefeitura de Juiz de Fora (PJF). As inscri\u00e7\u00f5es v\u00e3o se encerrar de forma gradual, por modalidade, ao longo da semana, sempre \u00e0s 18 horas. Nesta quarta-feira, 16, ser\u00e3o finalizadas para futebol e bocha. Podem participar da competi\u00e7\u00e3o todas as pessoas com defici\u00eancia auditiva, f\u00edsica, intelectual, visual ou m\u00faltipla, que participam ou n\u00e3o de programas da SEL, de entidades ou de escolas p\u00fablicas e particulares de Juiz de Fora ou de regi\u00f5es circunvizinhas. N\u00e3o ser\u00e3o aceitas inscri\u00e7\u00f5es ap\u00f3s a data estipulada. Os interessados devem se inscrever pelo site da PJF, atrav\u00e9s do\u00a0<a href=\"https:\/\/www.pjf.mg.gov.br\/secretarias\/sel\/eventos\/semana_paralimpica\/2018\/modalidades.php\">link<\/a>, onde constam ficha, regulamentos de cada modalidade e programa\u00e7\u00e3o do evento. Preenchida, a ficha dever\u00e1 ser enviada para jfparalimpicosel@pjf.mg.gov.br ou entregue na SEL, na Avenida Rui Barbosa, 530 \u2013 Bairro Santa Terezinha. O evento tem a finalidade de oportunizar um momento de socializa\u00e7\u00e3o, confraterniza\u00e7\u00e3o, motiva\u00e7\u00e3o e apresenta\u00e7\u00e3o das habilidades e do potencial esportivo da pessoa com defici\u00eancia.<\/p>\n<p><strong>As modalidades<\/strong><\/p>\n<p>Bocha \u2013 Praticada por atletas com elevado grau de paralisia cerebral ou defici\u00eancias severas. As provas podem ser individuais, em duplas ou por equipes, nos g\u00eaneros feminino e masculino. O objetivo \u00e9 aproximar as bolas coloridas da branca. As provas est\u00e3o marcadas para segunda-feira, 21, no gin\u00e1sio poliesportivo da SEL, a partir das 14 horas, havendo toler\u00e2ncia de 15 minutos para o in\u00edcio da primeira prova.<\/p>\n<p>Futebol paral\u00edmpico \u2013 Praticado por atletas com paralisia cerebral, defici\u00eancia f\u00edsica, auditiva e intelectual. \u00c9 alternativa ao futebol de sete, praticado apenas por paralisados cerebrais. As provas est\u00e3o marcadas para ter\u00e7a-feira, 22, no gin\u00e1sio poliesportivo da SEL, a partir das 14 horas, havendo toler\u00e2ncia de 15 minutos para o in\u00edcio da primeira prova.<\/p>\n<p>Outras informa\u00e7\u00f5es sobre o evento podem ser obtidas pelo telefone: 3690-7853. A abertura ser\u00e1 no pr\u00f3ximo s\u00e1bado, 19 de maio, \u00e0s 10 horas, no Gin\u00e1sio Poliesportivo da SEL, na Rua Cust\u00f3dio Trist\u00e3o, 10, Bairro Santa Terezinha.<\/p>\n<p>&nbsp;<\/p>\n<p><strong>Fonte:PJF<\/strong><\/p>\n","protected":false},"excerpt":{"rendered":"<p>Esta \u00e9 a \u00faltima semana para quem deseja participar da d\u00e9cima edi\u00e7\u00e3o da \u201cSemana Paral\u00edmpica\u201d, evento promovido pela Secretaria de Esporte e Lazer (SEL) da Prefeitura de Juiz de Fora (PJF). As inscri\u00e7\u00f5es v\u00e3o se encerrar de forma gradual, por modalidade, ao longo da semana, sempre \u00e0s 18 horas. Nesta quarta-feira, 16, ser\u00e3o finalizadas para [&hellip;]<\/p>\n","protected":false},"author":96,"featured_media":104089,"comment_status":"closed","ping_status":"closed","sticky":false,"template":"","format":"standard","meta":{"footnotes":""},"categories":[257,439],"tags":[],"class_list":["post-104086","post","type-post","status-publish","format-standard","has-post-thumbnail","hentry","category-esporte","category-ultima-hora"],"_links":{"self":[{"href":"https:\/\/diarioregionaldigital.com.br\/index.php?rest_route=\/wp\/v2\/posts\/104086","targetHints":{"allow":["GET"]}}],"collection":[{"href":"https:\/\/diarioregionaldigital.com.br\/index.php?rest_route=\/wp\/v2\/posts"}],"about":[{"href":"https:\/\/diarioregionaldigital.com.br\/index.php?rest_route=\/wp\/v2\/types\/post"}],"author":[{"embeddable":true,"href":"https:\/\/diarioregionaldigital.com.br\/index.php?rest_route=\/wp\/v2\/users\/96"}],"replies":[{"embeddable":true,"href":"https:\/\/diarioregionaldigital.com.br\/index.php?rest_route=%2Fwp%2Fv2%2Fcomments&post=104086"}],"version-history":[{"count":0,"href":"https:\/\/diarioregionaldigital.com.br\/index.php?rest_route=\/wp\/v2\/posts\/104086\/revisions"}],"wp:featuredmedia":[{"embeddable":true,"href":"https:\/\/diarioregionaldigital.com.br\/index.php?rest_route=\/wp\/v2\/media\/104089"}],"wp:attachment":[{"href":"https:\/\/diarioregionaldigital.com.br\/index.php?rest_route=%2Fwp%2Fv2%2Fmedia&parent=104086"}],"wp:term":[{"taxonomy":"category","embeddable":true,"href":"https:\/\/diarioregionaldigital.com.br\/index.php?rest_route=%2Fwp%2Fv2%2Fcategories&post=104086"},{"taxonomy":"post_tag","embeddable":true,"href":"https:\/\/diarioregionaldigital.com.br\/index.php?rest_route=%2Fwp%2Fv2%2Ftags&post=104086"}],"curies":[{"name":"wp","href":"https:\/\/api.w.org\/{rel}","templated":true}]}}