{"id":104083,"date":"2018-05-15T15:23:12","date_gmt":"2018-05-15T18:23:12","guid":{"rendered":"http:\/\/diarioregionaljf.com.br\/?p=104083"},"modified":"2018-05-15T15:23:12","modified_gmt":"2018-05-15T18:23:12","slug":"com-mais-8-meses-de-suspensao-guerrero-chega-ao-peru-para-tentar-resolver-situacao","status":"publish","type":"post","link":"https:\/\/diarioregionaldigital.com.br\/?p=104083","title":{"rendered":"Com mais 8 meses de suspens\u00e3o, Guerrero chega ao  Peru para tentar resolver situa\u00e7\u00e3o"},"content":{"rendered":"<p>O atacante peruano Paolo Guerrero, do Flamengo, est\u00e1 fora da Copa do Mundo 2018. O jogador foi suspenso por 14 meses pelo Tribunal Arbitral do Esporte, da Su\u00ed\u00e7a, e n\u00e3o vai poder comparecer \u00e0 competi\u00e7\u00e3o na R\u00fassia.<\/p>\n<p>Guerrero chegou ao Peru nesta ter\u00e7a-feira, 15, pela manh\u00e3 para tentar resolver a situa\u00e7\u00e3o. O atacante falou pela primeira vez sobre o fato em entrevista e em resumo, o jogador disse que est\u00e3o lhe roubando um Mundial.<\/p>\n<p>No \u00faltimo domingo, 13, Guerrero marcou gol em partida contra a Chapecoense em partida contra a Chapecoense que poder\u00e1 ser sua \u00faltimo com a camisa do flamengo, j\u00e1 que seu contrato seria at\u00e9 agosto de 2018.<\/p>\n<p>Com a boa atua\u00e7\u00e3o no campeonato brasileiro na partida contra a Chape, Guerrero estava bastante cogitado para entrar como titular na partida desta quarta-feira, 16, contra o Emelec, pela Libertadores, no Maracan\u00e3, \u00e0s 21h45.<\/p>\n<p>N\u00e3o cabe mais recurso da decis\u00e3o. Como j\u00e1 cumpriu seis meses da suspens\u00e3o -que antes era de um ano, mas foi reduzida-, o atleta agora fica sem atuar at\u00e9 o ano que vem e, com isso, n\u00e3o deve mais defender o Flamengo, j\u00e1 que seu contrato acaba em agosto.<\/p>\n<p><strong>Jogadores pedem reuni\u00e3o com Fifa por Guerrero<\/strong><\/p>\n<p>A Federa\u00e7\u00e3o Internacional de Jogadores de Futebol Profissional (FIFPro, na sigla em ingl\u00eas) divulgou nesta ter\u00e7a-feira comunicado em defesa do atacante peruano Paolo Guerrero. A associa\u00e7\u00e3o dos atletas pede reuni\u00e3o urgente com a Fifa para tentar reverter a puni\u00e7\u00e3o que tirou o centroavante da Copa do Mundo da R\u00fassia.<\/p>\n<p>\u201cFifpro considera a suspens\u00e3o injusta e desproporcional e o exemplo mais recente de um C\u00f3digo Mundial Antidoping, que muitas vezes leva a san\u00e7\u00f5es inadequadas, especialmente quando diz que n\u00e3o havia inten\u00e7\u00e3o de trapacear\u201d, informou a entidade que tem sede na Holanda.<\/p>\n<p>&nbsp;<\/p>\n<p><strong>\u00a0<\/strong><\/p>\n<p><strong>\u00a0<\/strong><\/p>\n<p><strong>\u00a0<\/strong><\/p>\n<p><strong>\u00a0<\/strong><\/p>\n","protected":false},"excerpt":{"rendered":"<p>O atacante peruano Paolo Guerrero, do Flamengo, est\u00e1 fora da Copa do Mundo 2018. O jogador foi suspenso por 14 meses pelo Tribunal Arbitral do Esporte, da Su\u00ed\u00e7a, e n\u00e3o vai poder comparecer \u00e0 competi\u00e7\u00e3o na R\u00fassia. Guerrero chegou ao Peru nesta ter\u00e7a-feira, 15, pela manh\u00e3 para tentar resolver a situa\u00e7\u00e3o. O atacante falou pela [&hellip;]<\/p>\n","protected":false},"author":96,"featured_media":104084,"comment_status":"closed","ping_status":"closed","sticky":false,"template":"","format":"standard","meta":{"footnotes":""},"categories":[257,439],"tags":[],"class_list":["post-104083","post","type-post","status-publish","format-standard","has-post-thumbnail","hentry","category-esporte","category-ultima-hora"],"_links":{"self":[{"href":"https:\/\/diarioregionaldigital.com.br\/index.php?rest_route=\/wp\/v2\/posts\/104083","targetHints":{"allow":["GET"]}}],"collection":[{"href":"https:\/\/diarioregionaldigital.com.br\/index.php?rest_route=\/wp\/v2\/posts"}],"about":[{"href":"https:\/\/diarioregionaldigital.com.br\/index.php?rest_route=\/wp\/v2\/types\/post"}],"author":[{"embeddable":true,"href":"https:\/\/diarioregionaldigital.com.br\/index.php?rest_route=\/wp\/v2\/users\/96"}],"replies":[{"embeddable":true,"href":"https:\/\/diarioregionaldigital.com.br\/index.php?rest_route=%2Fwp%2Fv2%2Fcomments&post=104083"}],"version-history":[{"count":0,"href":"https:\/\/diarioregionaldigital.com.br\/index.php?rest_route=\/wp\/v2\/posts\/104083\/revisions"}],"wp:featuredmedia":[{"embeddable":true,"href":"https:\/\/diarioregionaldigital.com.br\/index.php?rest_route=\/wp\/v2\/media\/104084"}],"wp:attachment":[{"href":"https:\/\/diarioregionaldigital.com.br\/index.php?rest_route=%2Fwp%2Fv2%2Fmedia&parent=104083"}],"wp:term":[{"taxonomy":"category","embeddable":true,"href":"https:\/\/diarioregionaldigital.com.br\/index.php?rest_route=%2Fwp%2Fv2%2Fcategories&post=104083"},{"taxonomy":"post_tag","embeddable":true,"href":"https:\/\/diarioregionaldigital.com.br\/index.php?rest_route=%2Fwp%2Fv2%2Ftags&post=104083"}],"curies":[{"name":"wp","href":"https:\/\/api.w.org\/{rel}","templated":true}]}}