{"id":104080,"date":"2018-05-15T15:19:01","date_gmt":"2018-05-15T18:19:01","guid":{"rendered":"http:\/\/diarioregionaljf.com.br\/?p=104080"},"modified":"2018-05-15T15:19:01","modified_gmt":"2018-05-15T18:19:01","slug":"iii-corrida-mexa-se-pela-vida-tem-inscricoes-abertas","status":"publish","type":"post","link":"https:\/\/diarioregionaldigital.com.br\/?p=104080","title":{"rendered":"III Corrida mexa-se pela vida tem inscri\u00e7\u00f5es abertas"},"content":{"rendered":"<p>Est\u00e3o abertas as inscri\u00e7\u00f5es para a quinta prova do ranking de corrida do ano de Juiz de Fora, a terceira corrida mexa-se pela vida, que ser\u00e1 realizada no dia 10 de junho.<\/p>\n<p>As inscri\u00e7\u00f5es podem ser feitas pelo site <a href=\"http:\/\/www.corridao.com.br\">www.corridao.com.br<\/a>, ou na Loja Vida e Sa\u00fade (Rua Santo Ant\u00f4nio, 121, Centro), nos valores de R$ 60 (com kit atleta) ou de R$ 30 (sem o kit atleta). Lembrando que pessoas acima dos 60 anos de idade pagam metade.<\/p>\n<p>O kit conta com: Camisa, Toalha, Sacochila, Livro Poder da esperan\u00e7a e Revista Vida e Sa\u00fade.<\/p>\n<p>&nbsp;<\/p>\n<p>A corrida ter\u00e1 largada \u00e0s 8h, no Parque da Lajinha, com percurso de corrida de 6 km e caminhada de 3 km.<\/p>\n<p>&nbsp;<\/p>\n<p><strong>PREMIA\u00c7\u00c3O:<\/strong><\/p>\n<p><strong>\u00a0<\/strong><\/p>\n<p><strong>GERAL<\/strong><\/p>\n<p>Trof\u00e9u para os 5 primeiros (masculino e feminino)<\/p>\n<p>Trof\u00e9u para as 3 melhores equipes (masculino e feminino)<\/p>\n<p>Trof\u00e9u para o Melhor PCD (masculino e feminino)<\/p>\n<p>CATEGORIAS<\/p>\n<p>Trof\u00e9u para os 3 primeiros de cada categoria (masculino e feminino)<\/p>\n<p>Haver\u00e1 medalha de Participa\u00e7\u00e3o para todos que conclu\u00edrem os percursos<\/p>\n","protected":false},"excerpt":{"rendered":"<p>Est\u00e3o abertas as inscri\u00e7\u00f5es para a quinta prova do ranking de corrida do ano de Juiz de Fora, a terceira corrida mexa-se pela vida, que ser\u00e1 realizada no dia 10 de junho. As inscri\u00e7\u00f5es podem ser feitas pelo site www.corridao.com.br, ou na Loja Vida e Sa\u00fade (Rua Santo Ant\u00f4nio, 121, Centro), nos valores de R$ [&hellip;]<\/p>\n","protected":false},"author":96,"featured_media":104081,"comment_status":"closed","ping_status":"closed","sticky":false,"template":"","format":"standard","meta":{"footnotes":""},"categories":[257,439],"tags":[],"class_list":["post-104080","post","type-post","status-publish","format-standard","has-post-thumbnail","hentry","category-esporte","category-ultima-hora"],"_links":{"self":[{"href":"https:\/\/diarioregionaldigital.com.br\/index.php?rest_route=\/wp\/v2\/posts\/104080","targetHints":{"allow":["GET"]}}],"collection":[{"href":"https:\/\/diarioregionaldigital.com.br\/index.php?rest_route=\/wp\/v2\/posts"}],"about":[{"href":"https:\/\/diarioregionaldigital.com.br\/index.php?rest_route=\/wp\/v2\/types\/post"}],"author":[{"embeddable":true,"href":"https:\/\/diarioregionaldigital.com.br\/index.php?rest_route=\/wp\/v2\/users\/96"}],"replies":[{"embeddable":true,"href":"https:\/\/diarioregionaldigital.com.br\/index.php?rest_route=%2Fwp%2Fv2%2Fcomments&post=104080"}],"version-history":[{"count":0,"href":"https:\/\/diarioregionaldigital.com.br\/index.php?rest_route=\/wp\/v2\/posts\/104080\/revisions"}],"wp:featuredmedia":[{"embeddable":true,"href":"https:\/\/diarioregionaldigital.com.br\/index.php?rest_route=\/wp\/v2\/media\/104081"}],"wp:attachment":[{"href":"https:\/\/diarioregionaldigital.com.br\/index.php?rest_route=%2Fwp%2Fv2%2Fmedia&parent=104080"}],"wp:term":[{"taxonomy":"category","embeddable":true,"href":"https:\/\/diarioregionaldigital.com.br\/index.php?rest_route=%2Fwp%2Fv2%2Fcategories&post=104080"},{"taxonomy":"post_tag","embeddable":true,"href":"https:\/\/diarioregionaldigital.com.br\/index.php?rest_route=%2Fwp%2Fv2%2Ftags&post=104080"}],"curies":[{"name":"wp","href":"https:\/\/api.w.org\/{rel}","templated":true}]}}