{"id":104077,"date":"2018-05-15T15:13:12","date_gmt":"2018-05-15T18:13:12","guid":{"rendered":"http:\/\/diarioregionaljf.com.br\/?p=104077"},"modified":"2018-05-15T15:13:12","modified_gmt":"2018-05-15T18:13:12","slug":"de-forma-oficial-baeta-recebe-premiacao-na-fmf","status":"publish","type":"post","link":"https:\/\/diarioregionaldigital.com.br\/?p=104077","title":{"rendered":"De forma oficial, Baeta recebe premia\u00e7\u00e3o na FMF"},"content":{"rendered":"<p>A diretoria do Le\u00e3o do Po\u00e7o Rico, por meio do seu gestor de futebol, Alberto Sim\u00e3o, esteve na sede da Federa\u00e7\u00e3o Mineira de Futebol (FMF) para receber, de forma oficial, o trof\u00e9u de vice-campe\u00e3o Mineiro do M\u00f3dulo II 2018.<\/p>\n<p>Como de praxe, no encontro, na entidade m\u00e1xima do futebol mineiro, Sim\u00e3o aproveitou para seguir defendendo os interesses dos clubes do interior de Minas, buscando que as competi\u00e7\u00f5es sejam menos deficit\u00e1rias de uma maneira geral.<\/p>\n<p>Al\u00e9m de Sim\u00e3o, participaram do encontro, Adriano Aro (atual Secret\u00e1rio Geral da FMF, mas que em junho assume a presid\u00eancia ap\u00f3s vencer as elei\u00e7\u00f5es), Castellar Guimar\u00e3es Neto (atual presidente, mas que em junho deixar\u00e1 o cargo para assumir a vice-presid\u00eancia da CBF) e Luciano Zulu (s\u00f3cio-propriet\u00e1rio da Meio di Campo, empresa gestora do futebol do Baeta).<\/p>\n<p>Por falta de calend\u00e1rio, o Departamento de Futebol Profissional do Tupynamb\u00e1s fecha, em partes. Internamente, h\u00e1 muito trabalho com rela\u00e7\u00e3o ao planejamento visando a elite do futebol mineiro, al\u00e9m de analisar propostas de parcerias que vem surgindo.<\/p>\n<p>&nbsp;<\/p>\n<p><strong>Fonte: Tupynamb\u00e1s FC<\/strong><\/p>\n","protected":false},"excerpt":{"rendered":"<p>A diretoria do Le\u00e3o do Po\u00e7o Rico, por meio do seu gestor de futebol, Alberto Sim\u00e3o, esteve na sede da Federa\u00e7\u00e3o Mineira de Futebol (FMF) para receber, de forma oficial, o trof\u00e9u de vice-campe\u00e3o Mineiro do M\u00f3dulo II 2018. Como de praxe, no encontro, na entidade m\u00e1xima do futebol mineiro, Sim\u00e3o aproveitou para seguir defendendo [&hellip;]<\/p>\n","protected":false},"author":96,"featured_media":104078,"comment_status":"closed","ping_status":"closed","sticky":false,"template":"","format":"standard","meta":{"footnotes":""},"categories":[257,439],"tags":[],"class_list":["post-104077","post","type-post","status-publish","format-standard","has-post-thumbnail","hentry","category-esporte","category-ultima-hora"],"_links":{"self":[{"href":"https:\/\/diarioregionaldigital.com.br\/index.php?rest_route=\/wp\/v2\/posts\/104077","targetHints":{"allow":["GET"]}}],"collection":[{"href":"https:\/\/diarioregionaldigital.com.br\/index.php?rest_route=\/wp\/v2\/posts"}],"about":[{"href":"https:\/\/diarioregionaldigital.com.br\/index.php?rest_route=\/wp\/v2\/types\/post"}],"author":[{"embeddable":true,"href":"https:\/\/diarioregionaldigital.com.br\/index.php?rest_route=\/wp\/v2\/users\/96"}],"replies":[{"embeddable":true,"href":"https:\/\/diarioregionaldigital.com.br\/index.php?rest_route=%2Fwp%2Fv2%2Fcomments&post=104077"}],"version-history":[{"count":0,"href":"https:\/\/diarioregionaldigital.com.br\/index.php?rest_route=\/wp\/v2\/posts\/104077\/revisions"}],"wp:featuredmedia":[{"embeddable":true,"href":"https:\/\/diarioregionaldigital.com.br\/index.php?rest_route=\/wp\/v2\/media\/104078"}],"wp:attachment":[{"href":"https:\/\/diarioregionaldigital.com.br\/index.php?rest_route=%2Fwp%2Fv2%2Fmedia&parent=104077"}],"wp:term":[{"taxonomy":"category","embeddable":true,"href":"https:\/\/diarioregionaldigital.com.br\/index.php?rest_route=%2Fwp%2Fv2%2Fcategories&post=104077"},{"taxonomy":"post_tag","embeddable":true,"href":"https:\/\/diarioregionaldigital.com.br\/index.php?rest_route=%2Fwp%2Fv2%2Ftags&post=104077"}],"curies":[{"name":"wp","href":"https:\/\/api.w.org\/{rel}","templated":true}]}}