{"id":104073,"date":"2018-05-15T15:04:18","date_gmt":"2018-05-15T18:04:18","guid":{"rendered":"http:\/\/diarioregionaljf.com.br\/?p=104073"},"modified":"2018-05-15T15:04:18","modified_gmt":"2018-05-15T18:04:18","slug":"quinto-periodo-legislativo-da-camara-comeca-nesta-quarta-feira","status":"publish","type":"post","link":"https:\/\/diarioregionaldigital.com.br\/?p=104073","title":{"rendered":"Quinto Per\u00edodo Legislativo da C\u00e2mara come\u00e7a nesta quarta-feira"},"content":{"rendered":"<p>O 5\u00ba Per\u00edodo Legislativo de 2018 da C\u00e2mara de Juiz de Fora tem in\u00edcio nesta quarta-feira, 16, a partir das 17h30. A din\u00e2mica desta primeira Reuni\u00e3o Ordin\u00e1ria dos parlamentares tem um rito diferente. \u00c9 composta apenas pelo Pequeno Expediente, quando s\u00e3o feitas as leituras das correspond\u00eancias, dos requerimentos, das mo\u00e7\u00f5es e dos projetos de leis apresentados pelos vereadores, al\u00e9m da leitura dos documentos recebidos pela Prefeitura e pronunciamento dos parlamentares. Neste dia, n\u00e3o acontece a Ordem do Dia com vota\u00e7\u00e3o das proposi\u00e7\u00f5es.\u00a0 Um dos assuntos que volta na ordem do dia \u00e9 a aprova\u00e7\u00e3o da revis\u00e3o do Plano Diretor de Juiz de Fora.<\/p>\n<p>Al\u00e9m das dez reuni\u00f5es ordin\u00e1rias que acontecem at\u00e9 o dia 29 de maio, tr\u00eas audi\u00eancias p\u00fablicas j\u00e1 foram agendadas para o per\u00edodo, todas \u00e0s 15h, no plen\u00e1rio da C\u00e2mara e transmitida pela JFTV C\u00e2mara, canal aberto 35.<\/p>\n<p>A primeira, marcada para o dia 23, discutir\u00e1 medidas para identificar, cadastrar e regularizar a atividade de trabalhadores ambulantes que atuam na Av. Brasil durante a feira livre de domingo. A audi\u00eancia atende requerimento dos vereadores Pardal (PTC), Delegada Sheila (PSL) e Marlon Siqueira (MDB).<\/p>\n<p>A segunda audi\u00eancia, que acontece dia 28, \u00e9 fruto de uma solicita\u00e7\u00e3o da Prefeitura de Juiz de Fora (PJF) e tem como objetivo divulgar o desempenho das contas do Munic\u00edpio do 2\u00ba bimestre e 1\u00ba quadrimestre de 2018 em rela\u00e7\u00e3o \u00e0s metas fiscais estabelecidas na Lei de Diretrizes Or\u00e7ament\u00e1rias.<\/p>\n<p>A \u00faltima acontece dia 29 de maio e o tema ser\u00e1 o Programa Produtor de \u00c1gua (PPA) de Juiz de Fora. A iniciativa partiu dos vereadores Marlon Siqueira (MDB), Vagner de Oliveira (PSC), Kennedy Ribeiro (MDB) e Charlles Evangelista (PSL).<\/p>\n<p>&nbsp;<\/p>\n<p>Fonte: Assessoria\/CMJF<\/p>\n","protected":false},"excerpt":{"rendered":"<p>O 5\u00ba Per\u00edodo Legislativo de 2018 da C\u00e2mara de Juiz de Fora tem in\u00edcio nesta quarta-feira, 16, a partir das 17h30. A din\u00e2mica desta primeira Reuni\u00e3o Ordin\u00e1ria dos parlamentares tem um rito diferente. \u00c9 composta apenas pelo Pequeno Expediente, quando s\u00e3o feitas as leituras das correspond\u00eancias, dos requerimentos, das mo\u00e7\u00f5es e dos projetos de leis [&hellip;]<\/p>\n","protected":false},"author":96,"featured_media":104074,"comment_status":"closed","ping_status":"closed","sticky":false,"template":"","format":"standard","meta":{"footnotes":""},"categories":[254,439],"tags":[],"class_list":["post-104073","post","type-post","status-publish","format-standard","has-post-thumbnail","hentry","category-politica","category-ultima-hora"],"_links":{"self":[{"href":"https:\/\/diarioregionaldigital.com.br\/index.php?rest_route=\/wp\/v2\/posts\/104073","targetHints":{"allow":["GET"]}}],"collection":[{"href":"https:\/\/diarioregionaldigital.com.br\/index.php?rest_route=\/wp\/v2\/posts"}],"about":[{"href":"https:\/\/diarioregionaldigital.com.br\/index.php?rest_route=\/wp\/v2\/types\/post"}],"author":[{"embeddable":true,"href":"https:\/\/diarioregionaldigital.com.br\/index.php?rest_route=\/wp\/v2\/users\/96"}],"replies":[{"embeddable":true,"href":"https:\/\/diarioregionaldigital.com.br\/index.php?rest_route=%2Fwp%2Fv2%2Fcomments&post=104073"}],"version-history":[{"count":0,"href":"https:\/\/diarioregionaldigital.com.br\/index.php?rest_route=\/wp\/v2\/posts\/104073\/revisions"}],"wp:featuredmedia":[{"embeddable":true,"href":"https:\/\/diarioregionaldigital.com.br\/index.php?rest_route=\/wp\/v2\/media\/104074"}],"wp:attachment":[{"href":"https:\/\/diarioregionaldigital.com.br\/index.php?rest_route=%2Fwp%2Fv2%2Fmedia&parent=104073"}],"wp:term":[{"taxonomy":"category","embeddable":true,"href":"https:\/\/diarioregionaldigital.com.br\/index.php?rest_route=%2Fwp%2Fv2%2Fcategories&post=104073"},{"taxonomy":"post_tag","embeddable":true,"href":"https:\/\/diarioregionaldigital.com.br\/index.php?rest_route=%2Fwp%2Fv2%2Ftags&post=104073"}],"curies":[{"name":"wp","href":"https:\/\/api.w.org\/{rel}","templated":true}]}}