{"id":104066,"date":"2018-05-15T12:37:55","date_gmt":"2018-05-15T15:37:55","guid":{"rendered":"http:\/\/diarioregionaljf.com.br\/?p=104066"},"modified":"2018-05-15T12:37:55","modified_gmt":"2018-05-15T15:37:55","slug":"congo-tem-pelo-menos-mais-sete-casos-suspeitos-de-ebola-diz-oms","status":"publish","type":"post","link":"https:\/\/diarioregionaldigital.com.br\/?p=104066","title":{"rendered":"Congo tem pelo menos mais sete casos suspeitos de ebola, diz OMS"},"content":{"rendered":"<p>Desde a declara\u00e7\u00e3o de um novo surto de ebola na Rep\u00fablica Democr\u00e1tica do Congo, na semana passada, o pa\u00eds j\u00e1 registrou pelo menos mais sete casos suspeitos da doen\u00e7a. Dados da Organiza\u00e7\u00e3o Mundial da Sa\u00fade (OMS) indicam que, entre 4 de abril e 13 de maio, 39 casos de ebola foram reportados no Congo, incluindo 19 mortes.<\/p>\n<p>At\u00e9 o momento, a regi\u00e3o de Bikoro responde pela maioria dos casos da doen\u00e7a no pa\u00eds \u2013 29, sendo dois confirmados, 20 prov\u00e1veis e sete suspeitos. Em seguida, est\u00e3o as \u00e1reas de Iboko, com oito casos, sendo tr\u00eas prov\u00e1veis e cinco suspeitos, e de Wangata, com dois casos prov\u00e1veis. \u201cOs casos ser\u00e3o revisados \u00e0 medida em que novas informa\u00e7\u00f5es forem chegando\u201d, destacou a OMS.<\/p>\n<p>A entidade alertou que regi\u00e3o de Wangata \u00e9 adjacente \u00e0 cidade portu\u00e1ria provincial de Bandaka, que tem popula\u00e7\u00e3o estimada em 1,2 milh\u00e3o de pessoas. \u201cEquipes de resposta que est\u00e3o no local realizam processo de verifica\u00e7\u00e3o de informa\u00e7\u00e3o de casos reportados\u201d, acrescentou. A OMS j\u00e1 enviou 50 equipes de sa\u00fade p\u00fablica ao Congo na tentativa de conter o surto.<\/p>\n<h2><strong>Pior cen\u00e1rio<\/strong><\/h2>\n<p>Na semana passada, a organiza\u00e7\u00e3o informou que se preparava para o pior cen\u00e1rio poss\u00edvel perante o novo surto de ebola na Rep\u00fablica Democr\u00e1tica do Congo. \u201cEstamos muito preocupados porque a \u00e1rea onde surgiu \u00e9 remota e muito pobre e com um acesso muito prec\u00e1rio. A chegada de assist\u00eancia \u00e9 um desafio por si mesmo\u201d, disse o diretor de Emerg\u00eancias da OMS, Peter Salama.<\/p>\n<p>\u201cTemos medo de que o surto se expanda a Bandaka, capital provincial, com 1 milh\u00e3o de habitantes. Se chegar a essa cidade, teremos um surto maior e um desafio muito grande, porque o que sabemos da nossa experi\u00eancia na \u00c1frica Ocidental \u00e9 que, quando o ebola chega \u00e0 grande cidade e especialmente a \u00e1reas de favelas, \u00e9 muito dif\u00edcil deter a doen\u00e7a\u201d, concluiu.<\/p>\n<p>Fonte: Ag\u00eancia Brasil<\/p>\n","protected":false},"excerpt":{"rendered":"<p>Desde a declara\u00e7\u00e3o de um novo surto de ebola na Rep\u00fablica Democr\u00e1tica do Congo, na semana passada, o pa\u00eds j\u00e1 registrou pelo menos mais sete casos suspeitos da doen\u00e7a. Dados da Organiza\u00e7\u00e3o Mundial da Sa\u00fade (OMS) indicam que, entre 4 de abril e 13 de maio, 39 casos de ebola foram reportados no Congo, incluindo [&hellip;]<\/p>\n","protected":false},"author":96,"featured_media":97709,"comment_status":"closed","ping_status":"closed","sticky":false,"template":"","format":"standard","meta":{"footnotes":""},"categories":[302,439],"tags":[],"class_list":["post-104066","post","type-post","status-publish","format-standard","has-post-thumbnail","hentry","category-brasil-mundo","category-ultima-hora"],"_links":{"self":[{"href":"https:\/\/diarioregionaldigital.com.br\/index.php?rest_route=\/wp\/v2\/posts\/104066","targetHints":{"allow":["GET"]}}],"collection":[{"href":"https:\/\/diarioregionaldigital.com.br\/index.php?rest_route=\/wp\/v2\/posts"}],"about":[{"href":"https:\/\/diarioregionaldigital.com.br\/index.php?rest_route=\/wp\/v2\/types\/post"}],"author":[{"embeddable":true,"href":"https:\/\/diarioregionaldigital.com.br\/index.php?rest_route=\/wp\/v2\/users\/96"}],"replies":[{"embeddable":true,"href":"https:\/\/diarioregionaldigital.com.br\/index.php?rest_route=%2Fwp%2Fv2%2Fcomments&post=104066"}],"version-history":[{"count":0,"href":"https:\/\/diarioregionaldigital.com.br\/index.php?rest_route=\/wp\/v2\/posts\/104066\/revisions"}],"wp:featuredmedia":[{"embeddable":true,"href":"https:\/\/diarioregionaldigital.com.br\/index.php?rest_route=\/wp\/v2\/media\/97709"}],"wp:attachment":[{"href":"https:\/\/diarioregionaldigital.com.br\/index.php?rest_route=%2Fwp%2Fv2%2Fmedia&parent=104066"}],"wp:term":[{"taxonomy":"category","embeddable":true,"href":"https:\/\/diarioregionaldigital.com.br\/index.php?rest_route=%2Fwp%2Fv2%2Fcategories&post=104066"},{"taxonomy":"post_tag","embeddable":true,"href":"https:\/\/diarioregionaldigital.com.br\/index.php?rest_route=%2Fwp%2Fv2%2Ftags&post=104066"}],"curies":[{"name":"wp","href":"https:\/\/api.w.org\/{rel}","templated":true}]}}