{"id":104012,"date":"2018-05-15T07:55:42","date_gmt":"2018-05-15T10:55:42","guid":{"rendered":"http:\/\/diarioregionaljf.com.br\/?p=104012"},"modified":"2018-05-15T07:56:56","modified_gmt":"2018-05-15T10:56:56","slug":"museu-mariano-procopio-reabre-com-novidades-ao-publico","status":"publish","type":"post","link":"https:\/\/diarioregionaldigital.com.br\/?p=104012","title":{"rendered":"Museu Mariano Proc\u00f3pio reabre com novidades ao p\u00fablico"},"content":{"rendered":"<p>Os juiz-foranos ter\u00e3o novos espa\u00e7os para visita\u00e7\u00e3o na Funda\u00e7\u00e3o Museu Mariano Proc\u00f3pio a partir desta ter\u00e7a-feira, 15. As trilhas ao entorno dos pr\u00e9dios hist\u00f3ricos que estavam fechadas, voltam a integrar o percurso de caminhada e contempla\u00e7\u00e3o para os visitantes. O trajeto que passou por revitaliza\u00e7\u00e3o ser\u00e1 aberto ao p\u00fablico de ter\u00e7a a sexta-feira, e ter\u00e1 a ronda constante da equipe de vigilantes da institui\u00e7\u00e3o, garantindo seguran\u00e7a para quem transita pelo local.<\/p>\n<p>Na Galeria Maria Am\u00e1lia, no interior do pr\u00e9dio \u201cMuseu Mariano Proc\u00f3pio\u201d, a visita\u00e7\u00e3o continua de ter\u00e7a a sexta-feira, das 10h \u00e0s 17h. Al\u00e9m da Exposi\u00e7\u00e3o \u201c Esplendor das Formas\u201d, em cartaz, o p\u00fablico poder\u00e1 conferir nesta semana uma das telas emblem\u00e1ticas da cole\u00e7\u00e3o do museu, o quadro \u201cRetrato de Dom Pedro II\u201d, obra de Joaquim da Rocha Fragoso. A representa\u00e7\u00e3o do imperador tem a marca de um tiro que foi disparado no in\u00edcio da Rep\u00fablica, fato que gerou v\u00e1rias pesquisas a respeito deste per\u00edodo. Para os grupos escolares e de demais institui\u00e7\u00f5es, a visita guiada pode ser agendada pelo telefone 3690-2027 ou pelo e-mail maprocultural@pjf.mg.gov.br.<\/p>\n<p>&nbsp;<\/p>\n<p><span style=\"font-size: 12pt;\"><strong>AVALIA\u00c7\u00c3O DA VIGIL\u00c2NCIA EPIDEMIOL\u00d3GICA<\/strong><\/span><\/p>\n<p><a href=\"http:\/\/diarioregionaljf.com.br\/2018\/05\/12\/parque-e-galeria-do-museu-mariano-procopio-serao-reabertos-a-partir-da-proxima-terca-feira\/\" target=\"_blank\" rel=\"noopener\">A decis\u00e3o da reabertura do museu foi anunciada na tarde da sexta-feira, 11, pelo prefeito Ant\u00f4nio Almas, durante visita ao parque do museu<\/a>. Segundo ele, a decis\u00e3o foi tomada com base na avalia\u00e7\u00e3o de t\u00e9cnicos do Departamento de Vigil\u00e2ncia Epidemiol\u00f3gica e Ambiental (DVEA) da Secretaria de Sa\u00fade. De acordo com a equipe, como a febre amarela \u00e9 uma doen\u00e7a sazonal, o cen\u00e1rio atual, com temperaturas mais baixas e poucas chuvas, \u00e9 prop\u00edcio para a redu\u00e7\u00e3o dos casos de arboviroses.<\/p>\n<p>Dentro deste cen\u00e1rio, foram levados em conta, ainda, a cobertura vacinal do munic\u00edpio contra a doen\u00e7a, que j\u00e1 ultrapassou os 100% do p\u00fablico que pode se vacinar, al\u00e9m da redu\u00e7\u00e3o significativa dos registros de mortes de primatas (epizootias) e de casos suspeitos em humanos. Com estes elementos, os t\u00e9cnicos avaliaram que cessaram as indica\u00e7\u00f5es para a manuten\u00e7\u00e3o do fechamento do parque.<\/p>\n<p>Assim como outros espa\u00e7os que estiveram fechados em decorr\u00eancia da febre amarela, foram adotadas medidas preventivas preconizadas pelo Minist\u00e9rio da Sa\u00fade (MS), e logo que constatada a seguridade para volta das atividades com o p\u00fablico, esses espa\u00e7os foram reabertos. Segundo o subsecret\u00e1rio de Vigil\u00e2ncia em Sa\u00fade, Rodrigo Almeida, foram realizadas vistorias e o monitoramento constante do museu, e de acordo com alinhamento de a\u00e7\u00f5es com a Secretaria de Estado de Sa\u00fade, a reabertura foi poss\u00edvel. \u201cVerificamos que em Minas, o parque do Instituto Inhotim, Parque Estadual do Ibitipoca e os parques em Nova Lima foram reabertos com as devidas orienta\u00e7\u00f5es, assim tamb\u00e9m como em S\u00e3o Paulo&#8221;, destacou.<\/p>\n<p>\u00c9 importante ressaltar que, que ainda n\u00e3o se vacinou e n\u00e3o tem qualquer contraindica\u00e7\u00e3o, deve procurar um dos locais de vacina\u00e7\u00e3o dos munic\u00edpio, que disponibilizam a vacina o ano todo. E que frequentem o parque depois de passados dez dias da imuniza\u00e7\u00e3o. Para aqueles que n\u00e3o podem tomar a vacina e querem circular pelo espa\u00e7o p\u00fablico, \u00e9 indicado o uso de repelente, uma das formas de prevenir a doen\u00e7a.<\/p>\n<p>&nbsp;<\/p>\n<p>Fonte: Assessoria<\/p>\n","protected":false},"excerpt":{"rendered":"<p>Os juiz-foranos ter\u00e3o novos espa\u00e7os para visita\u00e7\u00e3o na Funda\u00e7\u00e3o Museu Mariano Proc\u00f3pio a partir desta ter\u00e7a-feira, 15. As trilhas ao entorno dos pr\u00e9dios hist\u00f3ricos que estavam fechadas, voltam a integrar o percurso de caminhada e contempla\u00e7\u00e3o para os visitantes. O trajeto que passou por revitaliza\u00e7\u00e3o ser\u00e1 aberto ao p\u00fablico de ter\u00e7a a sexta-feira, e ter\u00e1 [&hellip;]<\/p>\n","protected":false},"author":96,"featured_media":104015,"comment_status":"closed","ping_status":"closed","sticky":false,"template":"","format":"standard","meta":{"footnotes":""},"categories":[253,436],"tags":[],"class_list":["post-104012","post","type-post","status-publish","format-standard","has-post-thumbnail","hentry","category-cidade","category-destaque-da-semana"],"_links":{"self":[{"href":"https:\/\/diarioregionaldigital.com.br\/index.php?rest_route=\/wp\/v2\/posts\/104012","targetHints":{"allow":["GET"]}}],"collection":[{"href":"https:\/\/diarioregionaldigital.com.br\/index.php?rest_route=\/wp\/v2\/posts"}],"about":[{"href":"https:\/\/diarioregionaldigital.com.br\/index.php?rest_route=\/wp\/v2\/types\/post"}],"author":[{"embeddable":true,"href":"https:\/\/diarioregionaldigital.com.br\/index.php?rest_route=\/wp\/v2\/users\/96"}],"replies":[{"embeddable":true,"href":"https:\/\/diarioregionaldigital.com.br\/index.php?rest_route=%2Fwp%2Fv2%2Fcomments&post=104012"}],"version-history":[{"count":0,"href":"https:\/\/diarioregionaldigital.com.br\/index.php?rest_route=\/wp\/v2\/posts\/104012\/revisions"}],"wp:featuredmedia":[{"embeddable":true,"href":"https:\/\/diarioregionaldigital.com.br\/index.php?rest_route=\/wp\/v2\/media\/104015"}],"wp:attachment":[{"href":"https:\/\/diarioregionaldigital.com.br\/index.php?rest_route=%2Fwp%2Fv2%2Fmedia&parent=104012"}],"wp:term":[{"taxonomy":"category","embeddable":true,"href":"https:\/\/diarioregionaldigital.com.br\/index.php?rest_route=%2Fwp%2Fv2%2Fcategories&post=104012"},{"taxonomy":"post_tag","embeddable":true,"href":"https:\/\/diarioregionaldigital.com.br\/index.php?rest_route=%2Fwp%2Fv2%2Ftags&post=104012"}],"curies":[{"name":"wp","href":"https:\/\/api.w.org\/{rel}","templated":true}]}}