{"id":103902,"date":"2018-05-14T17:37:13","date_gmt":"2018-05-14T20:37:13","guid":{"rendered":"http:\/\/diarioregionaljf.com.br\/?p=103902"},"modified":"2018-05-14T17:37:13","modified_gmt":"2018-05-14T20:37:13","slug":"aerofest-celebra-aniversario-da-cidade-com-esquadrilha-da-fumaca-e-cervejas-especiais-para-um-brinde-a-juiz-de-fora","status":"publish","type":"post","link":"https:\/\/diarioregionaldigital.com.br\/?p=103902","title":{"rendered":"&#8220;Aerofest\u201d celebra anivers\u00e1rio da cidade com Esquadrilha da Fuma\u00e7a e cervejas especiais para \u201cUm Brinde a Juiz de Fora\u201d"},"content":{"rendered":"<p>Os 168 anos de Juiz de Fora ser\u00e3o comemorados com grande festa para toda a popula\u00e7\u00e3o. Nos pr\u00f3ximos dias 26 e 27, o Aeroporto Municipal Francisco \u00c1lvares de Assis (Serrinha) recebe o \u201cAerofest \u2013 Um Brinde a JF\u201d, evento que celebrar\u00e1 os 80 anos do Aeroclube de Juiz de Fora, 40 anos da Associa\u00e7\u00e3o Juiz-forana de Modelismo (Ajam), al\u00e9m do primeiro ano do \u201cDia Municipal da Cerveja Artesanal\u201d e do reconhecimento do Arranjo Produtivo Local das Cervejarias Artesanais de Juiz de Fora (APL). Na programa\u00e7\u00e3o, um presente do Aeroclube para a cidade: uma demonstra\u00e7\u00e3o da \u201cEsquadrilha da Fuma\u00e7a\u201d no domingo, 27, que poder\u00e1 ser acompanhada de diversos pontos da cidade.<\/p>\n<p>As comemora\u00e7\u00f5es foram anunciadas pelo prefeito Ant\u00f4nio Almas, em sua p\u00e1gina no Facebook. Al\u00e9m da Fuma\u00e7a, haver\u00e1 exposi\u00e7\u00f5es de avi\u00f5es antigos, fotos e itens de colecionadores relacionados \u00e0 avia\u00e7\u00e3o, al\u00e9m de sorteios. Nos c\u00e9us, apresenta\u00e7\u00e3o de avi\u00f5es acrob\u00e1ticos, exibi\u00e7\u00e3o de manobras em helic\u00f3pteros, voos de aeromodelos e helimodelos e apresenta\u00e7\u00e3o de paraquedismo.<\/p>\n<p>Evento que movimentou o Morro do Imperador em 2017, no anivers\u00e1rio da cidade, \u201cUm Brinde a JF\u201d reunir\u00e1 14 cervejarias artesanais de Juiz de Fora e contar\u00e1 com \u00e1reas de alimenta\u00e7\u00e3o e shows de artistas locais no Aerofest. Produtores caseiros de cerveja tamb\u00e9m estar\u00e3o presentes, expondo seus produtos e realizando brassagem (produ\u00e7\u00e3o de cerveja) ao vivo.<\/p>\n<p>\u201c\u00c9 importante comemorarmos o anivers\u00e1rio de Juiz de Fora com a grandeza que a cidade merece, pela excelente qualidade de vida e o acolhimento que oferece \u00e0queles que a escolhem para viver\u201d, destaca Marcos Miranda, assessor da Secretaria de Desenvolvimento Econ\u00f4mico, Trabalho e Turismo (Sedettur).<\/p>\n<p><b>Evento refor\u00e7ar\u00e1 v\u00ednculos da avia\u00e7\u00e3o com a sociedade<\/b><\/p>\n<p>Sobre o local do evento, Marcos lembra que o \u201cAeroporto da Serrinha\u201d carrega consigo uma rela\u00e7\u00e3o bastante positiva com o munic\u00edpio: \u201c\u00c9 um equipamento p\u00fablico, que presta servi\u00e7o de qualidade e que pode voltar a ser, nesta nova fase, uma liga\u00e7\u00e3o da cidade com os grandes centros\u201d.<\/p>\n<p>Para o gerente operacional da AMD Services, atual administradora do Aeroporto, o `Aerofest\u00b4 propiciar\u00e1 aos cidad\u00e3os conhecer melhor as atividades que o envolvem, com as caracter\u00edsticas t\u00e9cnicas e operacionais implantadas, sendo considerado um dos mais bem equipados, com sistemas de Aux\u00edlios \u00e0 Navega\u00e7\u00e3o, Aux\u00edlios Visuais Luminosos, Sistemas de Telecomunica\u00e7\u00f5es e de Energia Secund\u00e1ria, equiparados a Aeroportos de grande porte.<\/p>\n<p>Sobre a rela\u00e7\u00e3o da cidade com a avia\u00e7\u00e3o, o vice-presidente do Aeroclube de Juiz de Fora, Leandro Lopardi, lembra tamb\u00e9m o destaque do munic\u00edpio na forma\u00e7\u00e3o de pilotos no Brasil e no mundo: \u201cJ\u00e1 recebemos pilotos de diversas partes do pa\u00eds, e tamb\u00e9m de outras nacionalidades, como angolanos e cabo-verdianos, em acordos de coopera\u00e7\u00e3o m\u00fatua. Inclusive, agora estamos trabalhando junto \u00e0 Ag\u00eancia Nacional de Avia\u00e7\u00e3o Civil (Anac) para duas turmas de forma\u00e7\u00e3o de chineses\u201d. Al\u00e9m de levar o nome da cidade para fora, Lopardi destaca o v\u00ednculo do clube com os juiz-foranos. \u201c\u00c9 um atrativo da cidade, fomenta a parte de lazer com voos panor\u00e2micos, saltos de paraquedismo e outras atividades que criam v\u00ednculo com a sociedade tamb\u00e9m\u201d, afirma.<\/p>\n<p><b>Sobre o evento<\/b><\/p>\n<p>O \u201cAerofest \u2013 um Brinde a JF\u201d \u00e9 uma realiza\u00e7\u00e3o do Aeroclube de Juiz de Fora, em parceria com a Ajam e Prefeitura de Juiz de Fora (PJF), por meio das secretarias de Desenvolvimento Econ\u00f4mico, Trabalho e Turismo (Sedettur), Transporte e Tr\u00e2nsito (Settra), Seguran\u00e7a Urbana e Cidadania (Sesuc\/Guarda Municipal), Atividades Urbanas (SAU), Comunica\u00e7\u00e3o Social (SCS).<\/p>\n<p>Apoio: Uni\u00e3o dos Cervejeiros da Zona da Mata (Unicerva), Associa\u00e7\u00e3o dos Cervejeiros da Zona da Mata (ACZ), Associa\u00e7\u00e3o Brasileira de Bares e Restaurantes regional Zona da Mata (Abrasel ZM), AMD Services, Pol\u00edcia Militar de Minas Gerais (PMMG), Corpo de Bombeiros Militar de Minas Gerais (CBMMG).<\/p>\n<p>Cervejarias participantes: Antu\u00e9rpia, Arcana, Arthorius, Barbante, Cervejaria Escola Mirante, Fathach, Gavioli, Golen, Grizas, Mr. Tugas, Profana, Prost, S\u00e3o Bartolomeu, Timboo.<\/p>\n<p>Alimenta\u00e7\u00e3o: Braseto, Das Haus, Dom Brasil, S\u00e3o Bartolomeu Bar.<\/p>\n<p>&nbsp;<\/p>\n<p>Fonte: Assessoria<\/p>\n<p>&nbsp;<\/p>\n","protected":false},"excerpt":{"rendered":"<p>Os 168 anos de Juiz de Fora ser\u00e3o comemorados com grande festa para toda a popula\u00e7\u00e3o. Nos pr\u00f3ximos dias 26 e 27, o Aeroporto Municipal Francisco \u00c1lvares de Assis (Serrinha) recebe o \u201cAerofest \u2013 Um Brinde a JF\u201d, evento que celebrar\u00e1 os 80 anos do Aeroclube de Juiz de Fora, 40 anos da Associa\u00e7\u00e3o Juiz-forana [&hellip;]<\/p>\n","protected":false},"author":96,"featured_media":103903,"comment_status":"closed","ping_status":"closed","sticky":false,"template":"","format":"standard","meta":{"footnotes":""},"categories":[253,436,439],"tags":[],"class_list":["post-103902","post","type-post","status-publish","format-standard","has-post-thumbnail","hentry","category-cidade","category-destaque-da-semana","category-ultima-hora"],"_links":{"self":[{"href":"https:\/\/diarioregionaldigital.com.br\/index.php?rest_route=\/wp\/v2\/posts\/103902","targetHints":{"allow":["GET"]}}],"collection":[{"href":"https:\/\/diarioregionaldigital.com.br\/index.php?rest_route=\/wp\/v2\/posts"}],"about":[{"href":"https:\/\/diarioregionaldigital.com.br\/index.php?rest_route=\/wp\/v2\/types\/post"}],"author":[{"embeddable":true,"href":"https:\/\/diarioregionaldigital.com.br\/index.php?rest_route=\/wp\/v2\/users\/96"}],"replies":[{"embeddable":true,"href":"https:\/\/diarioregionaldigital.com.br\/index.php?rest_route=%2Fwp%2Fv2%2Fcomments&post=103902"}],"version-history":[{"count":0,"href":"https:\/\/diarioregionaldigital.com.br\/index.php?rest_route=\/wp\/v2\/posts\/103902\/revisions"}],"wp:featuredmedia":[{"embeddable":true,"href":"https:\/\/diarioregionaldigital.com.br\/index.php?rest_route=\/wp\/v2\/media\/103903"}],"wp:attachment":[{"href":"https:\/\/diarioregionaldigital.com.br\/index.php?rest_route=%2Fwp%2Fv2%2Fmedia&parent=103902"}],"wp:term":[{"taxonomy":"category","embeddable":true,"href":"https:\/\/diarioregionaldigital.com.br\/index.php?rest_route=%2Fwp%2Fv2%2Fcategories&post=103902"},{"taxonomy":"post_tag","embeddable":true,"href":"https:\/\/diarioregionaldigital.com.br\/index.php?rest_route=%2Fwp%2Fv2%2Ftags&post=103902"}],"curies":[{"name":"wp","href":"https:\/\/api.w.org\/{rel}","templated":true}]}}