{"id":103893,"date":"2018-05-14T17:21:58","date_gmt":"2018-05-14T20:21:58","guid":{"rendered":"http:\/\/diarioregionaljf.com.br\/?p=103893"},"modified":"2018-05-14T17:21:58","modified_gmt":"2018-05-14T20:21:58","slug":"minas-gerais-tem-a-meta-de-vacinar-mais-de-5-milhoes-de-pessoas-contra-a-gripe-ate-1o-de-junho","status":"publish","type":"post","link":"https:\/\/diarioregionaldigital.com.br\/?p=103893","title":{"rendered":"Minas Gerais tem a meta de vacinar mais de 5 milh\u00f5es de pessoas contra a gripe at\u00e9 1\u00ba de junho"},"content":{"rendered":"<p>O Dia D de Vacina\u00e7\u00e3o Contra a Gripe, realizado nesse s\u00e1bado, 12, contribuiu para que a cobertura vacinal subisse de 37% para 43% em Minas Gerais. O objetivo \u00e9 imunizar mais de 5 milh\u00f5es de pessoas durante toda a campanha, que prossegue at\u00e9 1\u00ba de junho.<\/p>\n<p>A diretora de Vigil\u00e2ncia Epidemiol\u00f3gica da Secretaria de Estado de Sa\u00fade (SES-MG), Jana\u00edna Fonseca Almeida, explica que a vacina\u00e7\u00e3o \u00e9 uma das principais estrat\u00e9gias de preven\u00e7\u00e3o da gripe, protegendo contra tr\u00eas v\u00edrus diferente da influenza.<\/p>\n<p>Segundo o coordenador de Vigil\u00e2ncia Epidemiol\u00f3gica de Doen\u00e7as e Agravos Transmiss\u00edveis, Gilmar Rodrigues, at\u00e9 o \u00faltimo s\u00e1bado haviam sido notificados, em Minas Gerais, 473 casos de S\u00edndrome Respirat\u00f3ria Aguda Grave (SRAG), sendo 292 (61,7%) com amostra coletada e processada.<\/p>\n<p>Dos casos com amostras processadas, 7,5% (21\/292) foram classificados como SRAG por Influenza e 16,8% (49 \/292) como outros v\u00edrus respirat\u00f3rios. Dos casos associados \u00e0 Influenza, 86,4% (19\/21) eram Influenza A e 9,1% (2\/21) Influenza B.<\/p>\n<p>\u201cCom a chegada do per\u00edodo mais frio, a tend\u00eancia \u00e9 realmente aumentar os casos de gripe. A vacina protege as pessoas de complica\u00e7\u00f5es relacionadas \u00e0 doen\u00e7a. Evita interna\u00e7\u00f5es e mortes\u201d, diz Rodrigues.<\/p>\n<p>Durante o Dia de D de vacina\u00e7\u00e3o contra a Gripe, no s\u00e1bado, as salas de imuniza\u00e7\u00e3o das Unidades B\u00e1sicas de Sa\u00fade (UBS) ficaram abertas em todo o estado para que as pessoas pudessem se vacinar. Como o \u00edndice de vacina\u00e7\u00e3o ainda se encontra abaixo do esperado, o Dia D \u00e9 uma oportunidade para garantir acesso \u00e0quelas pessoas que ainda n\u00e3o puderam se vacinar.<\/p>\n<p>&nbsp;<\/p>\n<p>\u201cO Dia D \u00e9 muito importante para a campanha, porque \u00e9 voltado para as pessoas que trabalham durante a semana e n\u00e3o podem comparecer nas unidades de sa\u00fade. \u00c9 uma oportunidade de ter acesso \u00e0 vacina sem comprometer os compromissos di\u00e1rios\u201d, afirma Eva L\u00eddia, coordenadora de Imuniza\u00e7\u00e3o da SES-MG.<\/p>\n<p>Esse \u00e9 o caso da professora L\u00eddia Cristina Braga, m\u00e3e da Sofia de 2 anos. L\u00eddia tamb\u00e9m faz parte do grupo priorit\u00e1rio que tem direito a receber a vacina pelo Sistema \u00danico de Sa\u00fade. Por isso, ela tamb\u00e9m aproveitou a oportunidade para se vacinar. \u201cGosto de vir no Dia D vacinar porque assim n\u00e3o preciso perder dia de trabalho. Al\u00e9m disso, se houver alguma rea\u00e7\u00e3o negativa \u00e0 vacina tenho o resto do final de semana para cuidar dela\u201d.<\/p>\n<p>Eva L\u00eddia conta que os professores fazem parte do grupo com menor cobertura at\u00e9 o momento, junto com as crian\u00e7as e as gestantes: \u201cMuitos professores est\u00e3o achando que esse ano n\u00e3o tem direito a vacina\u00e7\u00e3o e n\u00e3o est\u00e3o vindo, por\u00e9m n\u00e3o \u00e9 verdade. Os professores fazem parte do p\u00fablico alvo\u201d, refor\u00e7a a coordenadora.<\/p>\n<p><strong>Quem pode receber a vacina pelo SUS?<\/strong><\/p>\n<p>&#8211; Crian\u00e7as de 6 meses a menores de 5 anos (4 anos, 11 meses e 29 dias);<\/p>\n<p>&#8211; Adolescentes e jovens de 12 a 21 anos de idade sob medidas socioeducativas;<\/p>\n<p>&#8211; Gestantes;<\/p>\n<p>&#8211; Pu\u00e9rperas (mulheres que est\u00e3o no per\u00edodo de at\u00e9 45 dias ap\u00f3s o parto);<\/p>\n<p>&#8211; Mulheres e homens com 60 anos ou mais;<\/p>\n<p>&#8211; Trabalhadores de sa\u00fade;<\/p>\n<p>&#8211; Povos ind\u00edgenas;<\/p>\n<p>&#8211; Pessoas privadas de liberdade;<\/p>\n<p>&#8211; Portadores de doen\u00e7as cr\u00f4nicas e outras condi\u00e7\u00f5es cl\u00ednicas especiais que comprometam a imunidade;<\/p>\n<p>&#8211; Professores de escolas p\u00fablicas ou privadas.<\/p>\n<p>Outras informa\u00e7\u00f5es est\u00e3o dispon\u00edveis no site: <a href=\"http:\/\/www.saude.mg.gov.br\/gripe\" target=\"_blank\" rel=\"noopener\">www.saude.mg.gov.br\/gripe<\/a><\/p>\n<p>Fonte: Ag\u00eancia Minas<\/p>\n","protected":false},"excerpt":{"rendered":"<p>O Dia D de Vacina\u00e7\u00e3o Contra a Gripe, realizado nesse s\u00e1bado, 12, contribuiu para que a cobertura vacinal subisse de 37% para 43% em Minas Gerais. O objetivo \u00e9 imunizar mais de 5 milh\u00f5es de pessoas durante toda a campanha, que prossegue at\u00e9 1\u00ba de junho. A diretora de Vigil\u00e2ncia Epidemiol\u00f3gica da Secretaria de Estado [&hellip;]<\/p>\n","protected":false},"author":96,"featured_media":103900,"comment_status":"closed","ping_status":"closed","sticky":false,"template":"","format":"standard","meta":{"footnotes":""},"categories":[440,252,439],"tags":[],"class_list":["post-103893","post","type-post","status-publish","format-standard","has-post-thumbnail","hentry","category-destaques-do-dia","category-regiao","category-ultima-hora"],"_links":{"self":[{"href":"https:\/\/diarioregionaldigital.com.br\/index.php?rest_route=\/wp\/v2\/posts\/103893","targetHints":{"allow":["GET"]}}],"collection":[{"href":"https:\/\/diarioregionaldigital.com.br\/index.php?rest_route=\/wp\/v2\/posts"}],"about":[{"href":"https:\/\/diarioregionaldigital.com.br\/index.php?rest_route=\/wp\/v2\/types\/post"}],"author":[{"embeddable":true,"href":"https:\/\/diarioregionaldigital.com.br\/index.php?rest_route=\/wp\/v2\/users\/96"}],"replies":[{"embeddable":true,"href":"https:\/\/diarioregionaldigital.com.br\/index.php?rest_route=%2Fwp%2Fv2%2Fcomments&post=103893"}],"version-history":[{"count":0,"href":"https:\/\/diarioregionaldigital.com.br\/index.php?rest_route=\/wp\/v2\/posts\/103893\/revisions"}],"wp:featuredmedia":[{"embeddable":true,"href":"https:\/\/diarioregionaldigital.com.br\/index.php?rest_route=\/wp\/v2\/media\/103900"}],"wp:attachment":[{"href":"https:\/\/diarioregionaldigital.com.br\/index.php?rest_route=%2Fwp%2Fv2%2Fmedia&parent=103893"}],"wp:term":[{"taxonomy":"category","embeddable":true,"href":"https:\/\/diarioregionaldigital.com.br\/index.php?rest_route=%2Fwp%2Fv2%2Fcategories&post=103893"},{"taxonomy":"post_tag","embeddable":true,"href":"https:\/\/diarioregionaldigital.com.br\/index.php?rest_route=%2Fwp%2Fv2%2Ftags&post=103893"}],"curies":[{"name":"wp","href":"https:\/\/api.w.org\/{rel}","templated":true}]}}