{"id":103881,"date":"2018-05-14T16:18:45","date_gmt":"2018-05-14T19:18:45","guid":{"rendered":"http:\/\/diarioregionaljf.com.br\/?p=103881"},"modified":"2018-05-14T16:20:06","modified_gmt":"2018-05-14T19:20:06","slug":"empresa-recebe-selo-de-parceira-do-maio-amarelo-por-iniciativa-que-estimula-clientes-a-beber-e-nao-dirigir","status":"publish","type":"post","link":"https:\/\/diarioregionaldigital.com.br\/?p=103881","title":{"rendered":"Empresa recebe selo de parceira do Maio Amarelo por iniciativa que estimula clientes a beber e n\u00e3o dirigir"},"content":{"rendered":"<p>Estimular pr\u00e1ticas seguras no tr\u00e2nsito, este \u00e9 um dos prop\u00f3sitos do Movimento \u201cMaio Amarelo\u201d. Dessa forma, a Secretaria de Transporte e Tr\u00e2nsito (Settra) da Prefeitura de Juiz de Fora (PJF) entregou, no s\u00e1bado, 12, o selo de empresa parceira do Maio Amarelo \u00e0 Choperia Salvaterra. A empresa chamou aten\u00e7\u00e3o da pasta por converter em chopp o valor que os clientes gastam com aplicativos de transporte p\u00fablico, como T\u00e1xi Gold, V\u00e1 de T\u00e1xi. Com isso, o bar estimula os clientes a n\u00e3o dirigir quando beber.<\/p>\n<p>Com o selo, a ideia \u00e9 que outras empresas adotem o mesmo comportamento, incentivando cada vez mais pessoas a utilizar meios de transporte alternativos ao ve\u00edculo pr\u00f3prio, evitando acidentes em decorr\u00eancia da combina\u00e7\u00e3o perigosa do \u00e1lcool com a dire\u00e7\u00e3o.<\/p>\n<p>A propriet\u00e1ria do estabelecimento, Roberta Costa Valle, destaca que a iniciativa veio para atrair o cliente e de forma segura, garantindo que as pessoas podem se divertir com tranquilidade. \u201cA gente criou justamente para desmistificar que a pessoa n\u00e3o pode sair e beber. A gente n\u00e3o deve beber e dirigir, n\u00e3o deve pensar s\u00f3 na gente, tem que pensar no outro tamb\u00e9m, o perigo que \u00e9\u201d.<\/p>\n<p>O empres\u00e1rio Luciano Mergh, 50 anos, utilizou a promo\u00e7\u00e3o na choperia e achou a ideia excelente. Ele ressalta que a\u00e7\u00f5es como essa fazem com que a pessoa n\u00e3o coloque a vida em risco. \u201cNem a minha e nem a dos outros. Depois que a pessoa bebe, o ve\u00edculo vira uma arma. \u00c9 preciso mudar o comportamento no tr\u00e2nsito, e isso ajuda. As pessoas se divertem sem riscos\u201d.<\/p>\n<p><b>Maio Amarelo 2018<\/b><br \/>\nCom o tema \u201cN\u00f3s Somos o Tr\u00e2nsito\u201d, o movimento fomentar\u00e1, na sociedade, discuss\u00f5es e atitudes voltadas \u00e0 necessidade urgente da redu\u00e7\u00e3o do n\u00famero de mortes e feridos graves no tr\u00e2nsito.<\/p>\n<p>A programa\u00e7\u00e3o completa pode ser conferida no <a href=\"https:\/\/www.pjf.mg.gov.br\/noticias\/anexo\/maioamarelo.PDF\">portal da PJF.<\/a><\/p>\n<p>Fonte: Assessoria<\/p>\n","protected":false},"excerpt":{"rendered":"<p>Estimular pr\u00e1ticas seguras no tr\u00e2nsito, este \u00e9 um dos prop\u00f3sitos do Movimento \u201cMaio Amarelo\u201d. Dessa forma, a Secretaria de Transporte e Tr\u00e2nsito (Settra) da Prefeitura de Juiz de Fora (PJF) entregou, no s\u00e1bado, 12, o selo de empresa parceira do Maio Amarelo \u00e0 Choperia Salvaterra. A empresa chamou aten\u00e7\u00e3o da pasta por converter em chopp [&hellip;]<\/p>\n","protected":false},"author":96,"featured_media":103882,"comment_status":"closed","ping_status":"closed","sticky":false,"template":"","format":"standard","meta":{"footnotes":""},"categories":[253,440],"tags":[],"class_list":["post-103881","post","type-post","status-publish","format-standard","has-post-thumbnail","hentry","category-cidade","category-destaques-do-dia"],"_links":{"self":[{"href":"https:\/\/diarioregionaldigital.com.br\/index.php?rest_route=\/wp\/v2\/posts\/103881","targetHints":{"allow":["GET"]}}],"collection":[{"href":"https:\/\/diarioregionaldigital.com.br\/index.php?rest_route=\/wp\/v2\/posts"}],"about":[{"href":"https:\/\/diarioregionaldigital.com.br\/index.php?rest_route=\/wp\/v2\/types\/post"}],"author":[{"embeddable":true,"href":"https:\/\/diarioregionaldigital.com.br\/index.php?rest_route=\/wp\/v2\/users\/96"}],"replies":[{"embeddable":true,"href":"https:\/\/diarioregionaldigital.com.br\/index.php?rest_route=%2Fwp%2Fv2%2Fcomments&post=103881"}],"version-history":[{"count":0,"href":"https:\/\/diarioregionaldigital.com.br\/index.php?rest_route=\/wp\/v2\/posts\/103881\/revisions"}],"wp:featuredmedia":[{"embeddable":true,"href":"https:\/\/diarioregionaldigital.com.br\/index.php?rest_route=\/wp\/v2\/media\/103882"}],"wp:attachment":[{"href":"https:\/\/diarioregionaldigital.com.br\/index.php?rest_route=%2Fwp%2Fv2%2Fmedia&parent=103881"}],"wp:term":[{"taxonomy":"category","embeddable":true,"href":"https:\/\/diarioregionaldigital.com.br\/index.php?rest_route=%2Fwp%2Fv2%2Fcategories&post=103881"},{"taxonomy":"post_tag","embeddable":true,"href":"https:\/\/diarioregionaldigital.com.br\/index.php?rest_route=%2Fwp%2Fv2%2Ftags&post=103881"}],"curies":[{"name":"wp","href":"https:\/\/api.w.org\/{rel}","templated":true}]}}