{"id":103873,"date":"2018-05-14T15:43:28","date_gmt":"2018-05-14T18:43:28","guid":{"rendered":"http:\/\/diarioregionaljf.com.br\/?p=103873"},"modified":"2018-05-14T15:43:28","modified_gmt":"2018-05-14T18:43:28","slug":"predio-de-dois-andares-desaba-em-manhumirim","status":"publish","type":"post","link":"https:\/\/diarioregionaldigital.com.br\/?p=103873","title":{"rendered":"Pr\u00e9dio de dois andares desaba em Manhumirim"},"content":{"rendered":"<p>Um pr\u00e9dio residencial de dois andares desabou em Manhumirim nesse domingo, 13. De acordo com a Pol\u00edcia Militar, que foi acionada para atender a ocorr\u00eancia, o acidente aconteceu por volta das 10h. Moradores ouviram barulhos estranhos na estrutura antes da queda. Ningu\u00e9m se feriu.<\/p>\n<p>Ainda segundo os militares, apenas um morador estava em casa na hora. Ele saiu da resid\u00eancia assim que ouviu estrondos. Os barulhos teriam come\u00e7ado na noite anterior. Ainda n\u00e3o se sabe o que causou o desabamento.<\/p>\n<p>A \u00e1rea foi isolada para verifica\u00e7\u00f5es do Corpo de Bombeiros. De acordo com a corpora\u00e7\u00e3o, n\u00e3o havia nenhum impedimento da Defesa Civil da cidade para ocupa\u00e7\u00e3o do espa\u00e7o. A prefeitura deve auxiliar os moradores desabrigados.<\/p>\n<p>&nbsp;<\/p>\n<p>Fonte: O Vigilante Online<\/p>\n","protected":false},"excerpt":{"rendered":"<p>Um pr\u00e9dio residencial de dois andares desabou em Manhumirim nesse domingo, 13. De acordo com a Pol\u00edcia Militar, que foi acionada para atender a ocorr\u00eancia, o acidente aconteceu por volta das 10h. Moradores ouviram barulhos estranhos na estrutura antes da queda. Ningu\u00e9m se feriu. Ainda segundo os militares, apenas um morador estava em casa na [&hellip;]<\/p>\n","protected":false},"author":96,"featured_media":103874,"comment_status":"closed","ping_status":"closed","sticky":false,"template":"","format":"standard","meta":{"footnotes":""},"categories":[252],"tags":[],"class_list":["post-103873","post","type-post","status-publish","format-standard","has-post-thumbnail","hentry","category-regiao"],"_links":{"self":[{"href":"https:\/\/diarioregionaldigital.com.br\/index.php?rest_route=\/wp\/v2\/posts\/103873","targetHints":{"allow":["GET"]}}],"collection":[{"href":"https:\/\/diarioregionaldigital.com.br\/index.php?rest_route=\/wp\/v2\/posts"}],"about":[{"href":"https:\/\/diarioregionaldigital.com.br\/index.php?rest_route=\/wp\/v2\/types\/post"}],"author":[{"embeddable":true,"href":"https:\/\/diarioregionaldigital.com.br\/index.php?rest_route=\/wp\/v2\/users\/96"}],"replies":[{"embeddable":true,"href":"https:\/\/diarioregionaldigital.com.br\/index.php?rest_route=%2Fwp%2Fv2%2Fcomments&post=103873"}],"version-history":[{"count":0,"href":"https:\/\/diarioregionaldigital.com.br\/index.php?rest_route=\/wp\/v2\/posts\/103873\/revisions"}],"wp:featuredmedia":[{"embeddable":true,"href":"https:\/\/diarioregionaldigital.com.br\/index.php?rest_route=\/wp\/v2\/media\/103874"}],"wp:attachment":[{"href":"https:\/\/diarioregionaldigital.com.br\/index.php?rest_route=%2Fwp%2Fv2%2Fmedia&parent=103873"}],"wp:term":[{"taxonomy":"category","embeddable":true,"href":"https:\/\/diarioregionaldigital.com.br\/index.php?rest_route=%2Fwp%2Fv2%2Fcategories&post=103873"},{"taxonomy":"post_tag","embeddable":true,"href":"https:\/\/diarioregionaldigital.com.br\/index.php?rest_route=%2Fwp%2Fv2%2Ftags&post=103873"}],"curies":[{"name":"wp","href":"https:\/\/api.w.org\/{rel}","templated":true}]}}