{"id":103869,"date":"2018-05-14T14:51:07","date_gmt":"2018-05-14T17:51:07","guid":{"rendered":"http:\/\/diarioregionaljf.com.br\/?p=103869"},"modified":"2018-05-14T14:51:07","modified_gmt":"2018-05-14T17:51:07","slug":"tupi-apresenta-novo-treinador-eugenio-souza-nesta-terca-feira-na-sede-do-clube","status":"publish","type":"post","link":"https:\/\/diarioregionaldigital.com.br\/?p=103869","title":{"rendered":"Tupi apresenta novo treinador Eug\u00eanio Souza nesta ter\u00e7a-feira na sede do Clube"},"content":{"rendered":"<p>O carij\u00f3 anunciou por meio da sua assessoria que apresentar\u00e1 o novo t\u00e9cnico na tarde desta ter\u00e7a-feira, 15, em sua sede.<\/p>\n<p>A procura pelo novo treinador foi r\u00e1pida, logo ap\u00f3s o anuncio da sa\u00edda oficializada nesse domingo, 13, do t\u00e9cnico campe\u00e3o do interior de Minas, Ricardo Le\u00e3o, que deixou o Tupi no oitavo lugar da S\u00e9rie C,\u00a0em que at\u00e9 essa quinta rodada o Tupi acumulou 3 derrotas, 1 vit\u00f3ria e 1 empate.<\/p>\n<p>O pr\u00f3ximo comandante Carij\u00f3 ser\u00e1 Eug\u00eanio Souza que tem 55 anos e trabalhou mais recentemente no Nacional de Muria\u00e9, que terminou em oitavo lugar no M\u00f3dulo 2 do Campeonato Mineiro. O profissional tem passagens por diversos clubes do interior de Minas, como Ipatinga, Caldense, URT, Patrocinense e Guarani-MG. Entre as principais conquistas, ele tem os t\u00edtulos da S\u00e9rie D do Brasileiro de 2014, pelo Tombense.<\/p>\n","protected":false},"excerpt":{"rendered":"<p>O carij\u00f3 anunciou por meio da sua assessoria que apresentar\u00e1 o novo t\u00e9cnico na tarde desta ter\u00e7a-feira, 15, em sua sede. A procura pelo novo treinador foi r\u00e1pida, logo ap\u00f3s o anuncio da sa\u00edda oficializada nesse domingo, 13, do t\u00e9cnico campe\u00e3o do interior de Minas, Ricardo Le\u00e3o, que deixou o Tupi no oitavo lugar da [&hellip;]<\/p>\n","protected":false},"author":96,"featured_media":103870,"comment_status":"closed","ping_status":"closed","sticky":false,"template":"","format":"standard","meta":{"footnotes":""},"categories":[257,439],"tags":[],"class_list":["post-103869","post","type-post","status-publish","format-standard","has-post-thumbnail","hentry","category-esporte","category-ultima-hora"],"_links":{"self":[{"href":"https:\/\/diarioregionaldigital.com.br\/index.php?rest_route=\/wp\/v2\/posts\/103869","targetHints":{"allow":["GET"]}}],"collection":[{"href":"https:\/\/diarioregionaldigital.com.br\/index.php?rest_route=\/wp\/v2\/posts"}],"about":[{"href":"https:\/\/diarioregionaldigital.com.br\/index.php?rest_route=\/wp\/v2\/types\/post"}],"author":[{"embeddable":true,"href":"https:\/\/diarioregionaldigital.com.br\/index.php?rest_route=\/wp\/v2\/users\/96"}],"replies":[{"embeddable":true,"href":"https:\/\/diarioregionaldigital.com.br\/index.php?rest_route=%2Fwp%2Fv2%2Fcomments&post=103869"}],"version-history":[{"count":0,"href":"https:\/\/diarioregionaldigital.com.br\/index.php?rest_route=\/wp\/v2\/posts\/103869\/revisions"}],"wp:featuredmedia":[{"embeddable":true,"href":"https:\/\/diarioregionaldigital.com.br\/index.php?rest_route=\/wp\/v2\/media\/103870"}],"wp:attachment":[{"href":"https:\/\/diarioregionaldigital.com.br\/index.php?rest_route=%2Fwp%2Fv2%2Fmedia&parent=103869"}],"wp:term":[{"taxonomy":"category","embeddable":true,"href":"https:\/\/diarioregionaldigital.com.br\/index.php?rest_route=%2Fwp%2Fv2%2Fcategories&post=103869"},{"taxonomy":"post_tag","embeddable":true,"href":"https:\/\/diarioregionaldigital.com.br\/index.php?rest_route=%2Fwp%2Fv2%2Ftags&post=103869"}],"curies":[{"name":"wp","href":"https:\/\/api.w.org\/{rel}","templated":true}]}}