{"id":103866,"date":"2018-05-14T14:28:38","date_gmt":"2018-05-14T17:28:38","guid":{"rendered":"http:\/\/diarioregionaljf.com.br\/?p=103866"},"modified":"2018-05-14T16:07:20","modified_gmt":"2018-05-14T19:07:20","slug":"tite-convoca-a-selecao-para-a-copa-do-mundo-de-2018","status":"publish","type":"post","link":"https:\/\/diarioregionaldigital.com.br\/?p=103866","title":{"rendered":"Tite Convoca a sele\u00e7\u00e3o para a Copa do Mundo de 2018"},"content":{"rendered":"<p>A convoca\u00e7\u00e3o da Sele\u00e7\u00e3o Brasileira para a Copa do Mundo R\u00fassia 2018 foi realizada nesta segunda-feira, 14, na sede da CBF, \u00e0s 14 horas. O t\u00e9cnico Tite anunciou a lista de 23 jogadores.<\/p>\n<p><strong>OS 23 CONVOCADOS:<\/strong><\/p>\n<p><strong>Goleiros:<\/strong>\u00a0Alisson (Roma), Ederson (Manchester City) e C\u00e1ssio (Corinthians).<\/p>\n<p><strong>Zagueiros:\u00a0<\/strong>Marquinhos (PSG), Miranda (Inter de Mil\u00e3o), Thiago Silva (PSG) e Pedro Geromel (Gr\u00eamio).<\/p>\n<p><strong>Laterais:<\/strong>\u00a0Danilo (Manchester City), Fagner (Corinthians), Filipe Luis (Atl\u00e9tico de Madrid) e Marcelo (Real Madrid).<\/p>\n<p><strong>Meio-campistas:<\/strong>\u00a0Casemiro (Real Madrid), Fernandinho (Manchester City), Renato Augusto (Beijing Guoan), Paulinho (Barcelona), Fred (Shakhtar Donetsk) e Philippe Coutinho (Barcelona).<\/p>\n<p><strong>Atacantes:<\/strong>\u00a0Gabriel Jesus (Manchester City), Roberto Firmino (Liverpool), Willian (Chelsea), Douglas Costa (Juventus), Taison (Shakhtar Donetsk) e Neymar (PSG).<\/p>\n<p>A delega\u00e7\u00e3o come\u00e7a a se apresentar em Teres\u00f3polis no dia 20 de maio. Como de costume, a comiss\u00e3o t\u00e9cnica\u00a0chega um dia antes dos jogadores. Os atletas\u00a0desembarcam\u00a0no CT da Sele\u00e7\u00e3o Brasileira no dia 21 de maio.<\/p>\n<p>Ser\u00e3o seis dias de trabalho na Granja Comary antes do embarque para a Inglaterra, marcado para o dia 27 de maio. Por l\u00e1, a Sele\u00e7\u00e3o Brasileira realizar\u00e1 a segunda etapa de prepara\u00e7\u00e3o no CT do Tottenham. Antes da ida para a R\u00fassia, o time do t\u00e9cnico Tite ainda enfrenta Cro\u00e1cia, no dia 3 de junho, em Liverpool, e a \u00c1ustria, no dia 10, em Viena.<\/p>\n","protected":false},"excerpt":{"rendered":"<p>A convoca\u00e7\u00e3o da Sele\u00e7\u00e3o Brasileira para a Copa do Mundo R\u00fassia 2018 foi realizada nesta segunda-feira, 14, na sede da CBF, \u00e0s 14 horas. O t\u00e9cnico Tite anunciou a lista de 23 jogadores. OS 23 CONVOCADOS: Goleiros:\u00a0Alisson (Roma), Ederson (Manchester City) e C\u00e1ssio (Corinthians). Zagueiros:\u00a0Marquinhos (PSG), Miranda (Inter de Mil\u00e3o), Thiago Silva (PSG) e Pedro [&hellip;]<\/p>\n","protected":false},"author":96,"featured_media":103867,"comment_status":"closed","ping_status":"closed","sticky":false,"template":"","format":"standard","meta":{"footnotes":""},"categories":[257,439],"tags":[],"class_list":["post-103866","post","type-post","status-publish","format-standard","has-post-thumbnail","hentry","category-esporte","category-ultima-hora"],"_links":{"self":[{"href":"https:\/\/diarioregionaldigital.com.br\/index.php?rest_route=\/wp\/v2\/posts\/103866","targetHints":{"allow":["GET"]}}],"collection":[{"href":"https:\/\/diarioregionaldigital.com.br\/index.php?rest_route=\/wp\/v2\/posts"}],"about":[{"href":"https:\/\/diarioregionaldigital.com.br\/index.php?rest_route=\/wp\/v2\/types\/post"}],"author":[{"embeddable":true,"href":"https:\/\/diarioregionaldigital.com.br\/index.php?rest_route=\/wp\/v2\/users\/96"}],"replies":[{"embeddable":true,"href":"https:\/\/diarioregionaldigital.com.br\/index.php?rest_route=%2Fwp%2Fv2%2Fcomments&post=103866"}],"version-history":[{"count":0,"href":"https:\/\/diarioregionaldigital.com.br\/index.php?rest_route=\/wp\/v2\/posts\/103866\/revisions"}],"wp:featuredmedia":[{"embeddable":true,"href":"https:\/\/diarioregionaldigital.com.br\/index.php?rest_route=\/wp\/v2\/media\/103867"}],"wp:attachment":[{"href":"https:\/\/diarioregionaldigital.com.br\/index.php?rest_route=%2Fwp%2Fv2%2Fmedia&parent=103866"}],"wp:term":[{"taxonomy":"category","embeddable":true,"href":"https:\/\/diarioregionaldigital.com.br\/index.php?rest_route=%2Fwp%2Fv2%2Fcategories&post=103866"},{"taxonomy":"post_tag","embeddable":true,"href":"https:\/\/diarioregionaldigital.com.br\/index.php?rest_route=%2Fwp%2Fv2%2Ftags&post=103866"}],"curies":[{"name":"wp","href":"https:\/\/api.w.org\/{rel}","templated":true}]}}